{"id":4374,"date":"2020-03-08T15:30:30","date_gmt":"2020-03-08T15:30:30","guid":{"rendered":"http:\/\/www.sci.muni.cz\/ofiz\/?p=4374"},"modified":"2020-03-08T15:31:32","modified_gmt":"2020-03-08T15:31:32","slug":"disertacni-prace-pavliny-janovske-mezi-top-13-v-soutezi-wernera-von-siemense","status":"publish","type":"post","link":"https:\/\/ueb1.sci.muni.cz\/ofiz\/disertacni-prace-pavliny-janovske-mezi-top-13-v-soutezi-wernera-von-siemense\/","title":{"rendered":"Diserta\u010dn\u00ed pr\u00e1ce Pavl\u00edny Janovsk\u00e9 mezi Top 13 v sout\u011b\u017ei Wernera von Siemense"},"content":{"rendered":"\n<h5>Diserta\u010dn\u00ed pr\u00e1ce <strong>Mgr. Pavl\u00edny Janovsk\u00e9, Ph.D.<\/strong> se um\u00edstila mezi <strong>13 nej\u00fasp\u011b\u0161n\u011bj\u0161\u00edmi diserta\u010dn\u00edmi pracemi v sout\u011b\u017ei<a href=\"https:\/\/new.siemens.com\/cz\/cs\/spolecnost\/o-nas\/cena-siemens\/vitezove.html\"> Wernera von Siemense 2019<\/a>.<\/strong><\/h5>\n<h5>Letos do sout\u011b\u017ee p\u0159i\u0161lo rekordn\u00edch <a href=\"https:\/\/new.siemens.com\/cz\/cs\/spolecnost\/o-nas\/cena-siemens.html\">645 p\u0159ihl\u00e1\u0161ek diplomov\u00fdch a diserta\u010dn\u00edch prac\u00ed<\/a>, Pavl\u00ednino um\u00edst\u011bn\u00ed je tedy opravdu skv\u011bl\u00fdm \u00fasp\u011bchem a potvrzuje vysokou kvalitu jej\u00ed pr\u00e1ce!<\/h5>\n<h5>Pavl\u00edna usp\u011bla s prac\u00ed &#8220;<strong><em>The Role of Migration in the Pathogenesis of Chronic Lymphocytic Leukemia<\/em><\/strong>&#8220;. Chronick\u00e9 lymfocyt\u00e1rn\u00ed leuk\u00e9mii se na OFI\u017d v laborato\u0159i prof. V\u00edt\u011bzslava Bryji v\u011bnuje i nad\u00e1le a zam\u011b\u0159uje se na vyu\u017eit\u00ed kasein kin\u00e1zy 1 jako\u017eto terapeutick\u00e9ho c\u00edle v l\u00e9\u010db\u011b tohoto onemocn\u011bn\u00ed.<\/h5>\n<h5>Srde\u010dn\u011b gratulujeme k \u00fasp\u011bchu a p\u0159ejeme hodn\u011b \u0161t\u011bst\u00ed v dal\u0161\u00edm v\u00fdzkumu!!! \ud83d\ude42<\/h5>\n<p>\u00a0<\/p>\n\n\n\n<figure class=\"wp-block-image\"><img loading=\"lazy\" decoding=\"async\" width=\"1024\" height=\"684\" src=\"https:\/\/www.sci.muni.cz\/ofiz\/wp-content\/uploads\/2020\/03\/JAG746c96_DSC_0871_2-1024x684.jpg\" alt=\"\" class=\"wp-image-4381\" srcset=\"https:\/\/ueb1.sci.muni.cz\/ofiz\/wp-content\/uploads\/2020\/03\/JAG746c96_DSC_0871_2-1024x684.jpg 1024w, https:\/\/ueb1.sci.muni.cz\/ofiz\/wp-content\/uploads\/2020\/03\/JAG746c96_DSC_0871_2-300x200.jpg 300w, https:\/\/ueb1.sci.muni.cz\/ofiz\/wp-content\/uploads\/2020\/03\/JAG746c96_DSC_0871_2-768x513.jpg 768w, https:\/\/ueb1.sci.muni.cz\/ofiz\/wp-content\/uploads\/2020\/03\/JAG746c96_DSC_0871_2.jpg 1600w\" sizes=\"auto, (max-width: 1024px) 100vw, 1024px\" \/><\/figure>\n","protected":false},"excerpt":{"rendered":"<p>Diserta\u010dn\u00ed pr\u00e1ce Mgr. Pavl\u00edny Janovsk\u00e9, Ph.D. se um\u00edstila mezi 13 nej\u00fasp\u011b\u0161n\u011bj\u0161\u00edmi diserta\u010dn\u00edmi pracemi v sout\u011b\u017ei Wernera von Siemense 2019. Letos do sout\u011b\u017ee p\u0159i\u0161lo rekordn\u00edch 645 p\u0159ihl\u00e1\u0161ek diplomov\u00fdch a diserta\u010dn\u00edch prac\u00ed, Pavl\u00ednino um\u00edst\u011bn\u00ed je tedy opravdu skv\u011bl\u00fdm \u00fasp\u011bchem a potvrzuje vysokou &hellip; <a href=\"https:\/\/ueb1.sci.muni.cz\/ofiz\/disertacni-prace-pavliny-janovske-mezi-top-13-v-soutezi-wernera-von-siemense\/\">Read More<\/a><\/p>\n","protected":false},"author":5,"featured_media":4385,"comment_status":"closed","ping_status":"closed","sticky":false,"template":"","format":"standard","meta":{"kt_blocks_editor_width":"","_exactmetrics_skip_tracking":false,"_exactmetrics_sitenote_active":false,"_exactmetrics_sitenote_note":"","_exactmetrics_sitenote_category":0,"footnotes":""},"categories":[269],"tags":[],"class_list":["post-4374","post","type-post","status-publish","format-standard","has-post-thumbnail","hentry","category-novinky"],"yoast_head":"<!-- This site is optimized with the Yoast SEO plugin v26.1.1 - https:\/\/yoast.com\/wordpress\/plugins\/seo\/ -->\n<title>Diserta\u010dn\u00ed pr\u00e1ce Pavl\u00edny Janovsk\u00e9 mezi Top 13 v sout\u011b\u017ei Wernera von Siemense - Department of Animal Physiology and Immunology<\/title>\n<meta name=\"robots\" content=\"index, follow, max-snippet:-1, max-image-preview:large, max-video-preview:-1\" \/>\n<link rel=\"canonical\" href=\"https:\/\/ueb1.sci.muni.cz\/ofiz\/disertacni-prace-pavliny-janovske-mezi-top-13-v-soutezi-wernera-von-siemense\/\" \/>\n<meta property=\"og:locale\" content=\"en_US\" \/>\n<meta property=\"og:type\" content=\"article\" \/>\n<meta property=\"og:title\" content=\"Diserta\u010dn\u00ed pr\u00e1ce Pavl\u00edny Janovsk\u00e9 mezi Top 13 v sout\u011b\u017ei Wernera von Siemense - Department of Animal Physiology and Immunology\" \/>\n<meta property=\"og:description\" content=\"Diserta\u010dn\u00ed pr\u00e1ce Mgr. Pavl\u00edny Janovsk\u00e9, Ph.D. se um\u00edstila mezi 13 nej\u00fasp\u011b\u0161n\u011bj\u0161\u00edmi diserta\u010dn\u00edmi pracemi v sout\u011b\u017ei Wernera von Siemense 2019. Letos do sout\u011b\u017ee p\u0159i\u0161lo rekordn\u00edch 645 p\u0159ihl\u00e1\u0161ek diplomov\u00fdch a diserta\u010dn\u00edch prac\u00ed, Pavl\u00ednino um\u00edst\u011bn\u00ed je tedy opravdu skv\u011bl\u00fdm \u00fasp\u011bchem a potvrzuje vysokou &hellip; Read More\" \/>\n<meta property=\"og:url\" content=\"https:\/\/ueb1.sci.muni.cz\/ofiz\/disertacni-prace-pavliny-janovske-mezi-top-13-v-soutezi-wernera-von-siemense\/\" \/>\n<meta property=\"og:site_name\" content=\"Department of Animal Physiology and Immunology\" \/>\n<meta property=\"article:published_time\" content=\"2020-03-08T15:30:30+00:00\" \/>\n<meta property=\"article:modified_time\" content=\"2020-03-08T15:31:32+00:00\" \/>\n<meta property=\"og:image\" content=\"https:\/\/ueb1.sci.muni.cz\/ofiz\/wp-content\/uploads\/2020\/03\/janovska_feature.png\" \/>\n\t<meta property=\"og:image:width\" content=\"372\" \/>\n\t<meta property=\"og:image:height\" content=\"357\" \/>\n\t<meta property=\"og:image:type\" content=\"image\/png\" \/>\n<meta name=\"author\" content=\"Lucie Nesvadbov\u00e1\" \/>\n<meta name=\"twitter:card\" content=\"summary_large_image\" \/>\n<meta name=\"twitter:label1\" content=\"Written by\" \/>\n\t<meta name=\"twitter:data1\" content=\"Lucie Nesvadbov\u00e1\" \/>\n\t<meta name=\"twitter:label2\" content=\"Est. reading time\" \/>\n\t<meta name=\"twitter:data2\" content=\"1 minute\" \/>\n<script type=\"application\/ld+json\" class=\"yoast-schema-graph\">{\"@context\":\"https:\/\/schema.org\",\"@graph\":[{\"@type\":\"Article\",\"@id\":\"https:\/\/ueb1.sci.muni.cz\/ofiz\/disertacni-prace-pavliny-janovske-mezi-top-13-v-soutezi-wernera-von-siemense\/#article\",\"isPartOf\":{\"@id\":\"https:\/\/ueb1.sci.muni.cz\/ofiz\/disertacni-prace-pavliny-janovske-mezi-top-13-v-soutezi-wernera-von-siemense\/\"},\"author\":{\"name\":\"Lucie Nesvadbov\u00e1\",\"@id\":\"https:\/\/ueb1.sci.muni.cz\/ofiz\/#\/schema\/person\/3119766c8e4c78f08bbbde220469aee6\"},\"headline\":\"Diserta\u010dn\u00ed pr\u00e1ce Pavl\u00edny Janovsk\u00e9 mezi Top 13 v sout\u011b\u017ei Wernera von Siemense\",\"datePublished\":\"2020-03-08T15:30:30+00:00\",\"dateModified\":\"2020-03-08T15:31:32+00:00\",\"mainEntityOfPage\":{\"@id\":\"https:\/\/ueb1.sci.muni.cz\/ofiz\/disertacni-prace-pavliny-janovske-mezi-top-13-v-soutezi-wernera-von-siemense\/\"},\"wordCount\":161,\"publisher\":{\"@id\":\"https:\/\/ueb1.sci.muni.cz\/ofiz\/#organization\"},\"image\":{\"@id\":\"https:\/\/ueb1.sci.muni.cz\/ofiz\/disertacni-prace-pavliny-janovske-mezi-top-13-v-soutezi-wernera-von-siemense\/#primaryimage\"},\"thumbnailUrl\":\"https:\/\/ueb1.sci.muni.cz\/ofiz\/wp-content\/uploads\/2020\/03\/janovska_feature.png\",\"articleSection\":[\"Novinky\"],\"inLanguage\":\"en-US\"},{\"@type\":\"WebPage\",\"@id\":\"https:\/\/ueb1.sci.muni.cz\/ofiz\/disertacni-prace-pavliny-janovske-mezi-top-13-v-soutezi-wernera-von-siemense\/\",\"url\":\"https:\/\/ueb1.sci.muni.cz\/ofiz\/disertacni-prace-pavliny-janovske-mezi-top-13-v-soutezi-wernera-von-siemense\/\",\"name\":\"Diserta\u010dn\u00ed pr\u00e1ce Pavl\u00edny Janovsk\u00e9 mezi Top 13 v sout\u011b\u017ei Wernera von Siemense - Department of Animal Physiology and Immunology\",\"isPartOf\":{\"@id\":\"https:\/\/ueb1.sci.muni.cz\/ofiz\/#website\"},\"primaryImageOfPage\":{\"@id\":\"https:\/\/ueb1.sci.muni.cz\/ofiz\/disertacni-prace-pavliny-janovske-mezi-top-13-v-soutezi-wernera-von-siemense\/#primaryimage\"},\"image\":{\"@id\":\"https:\/\/ueb1.sci.muni.cz\/ofiz\/disertacni-prace-pavliny-janovske-mezi-top-13-v-soutezi-wernera-von-siemense\/#primaryimage\"},\"thumbnailUrl\":\"https:\/\/ueb1.sci.muni.cz\/ofiz\/wp-content\/uploads\/2020\/03\/janovska_feature.png\",\"datePublished\":\"2020-03-08T15:30:30+00:00\",\"dateModified\":\"2020-03-08T15:31:32+00:00\",\"breadcrumb\":{\"@id\":\"https:\/\/ueb1.sci.muni.cz\/ofiz\/disertacni-prace-pavliny-janovske-mezi-top-13-v-soutezi-wernera-von-siemense\/#breadcrumb\"},\"inLanguage\":\"en-US\",\"potentialAction\":[{\"@type\":\"ReadAction\",\"target\":[\"https:\/\/ueb1.sci.muni.cz\/ofiz\/disertacni-prace-pavliny-janovske-mezi-top-13-v-soutezi-wernera-von-siemense\/\"]}]},{\"@type\":\"ImageObject\",\"inLanguage\":\"en-US\",\"@id\":\"https:\/\/ueb1.sci.muni.cz\/ofiz\/disertacni-prace-pavliny-janovske-mezi-top-13-v-soutezi-wernera-von-siemense\/#primaryimage\",\"url\":\"https:\/\/ueb1.sci.muni.cz\/ofiz\/wp-content\/uploads\/2020\/03\/janovska_feature.png\",\"contentUrl\":\"https:\/\/ueb1.sci.muni.cz\/ofiz\/wp-content\/uploads\/2020\/03\/janovska_feature.png\",\"width\":372,\"height\":357},{\"@type\":\"BreadcrumbList\",\"@id\":\"https:\/\/ueb1.sci.muni.cz\/ofiz\/disertacni-prace-pavliny-janovske-mezi-top-13-v-soutezi-wernera-von-siemense\/#breadcrumb\",\"itemListElement\":[{\"@type\":\"ListItem\",\"position\":1,\"name\":\"Home\",\"item\":\"https:\/\/ueb1.sci.muni.cz\/ofiz\/\"},{\"@type\":\"ListItem\",\"position\":2,\"name\":\"Diserta\u010dn\u00ed pr\u00e1ce Pavl\u00edny Janovsk\u00e9 mezi Top 13 v sout\u011b\u017ei Wernera von Siemense\"}]},{\"@type\":\"WebSite\",\"@id\":\"https:\/\/ueb1.sci.muni.cz\/ofiz\/#website\",\"url\":\"https:\/\/ueb1.sci.muni.cz\/ofiz\/\",\"name\":\"Department of Animal Physiology and Immunology\",\"description\":\"\",\"publisher\":{\"@id\":\"https:\/\/ueb1.sci.muni.cz\/ofiz\/#organization\"},\"potentialAction\":[{\"@type\":\"SearchAction\",\"target\":{\"@type\":\"EntryPoint\",\"urlTemplate\":\"https:\/\/ueb1.sci.muni.cz\/ofiz\/?s={search_term_string}\"},\"query-input\":{\"@type\":\"PropertyValueSpecification\",\"valueRequired\":true,\"valueName\":\"search_term_string\"}}],\"inLanguage\":\"en-US\"},{\"@type\":\"Organization\",\"@id\":\"https:\/\/ueb1.sci.muni.cz\/ofiz\/#organization\",\"name\":\"Department of Animal Physiology and Immunology\",\"url\":\"https:\/\/ueb1.sci.muni.cz\/ofiz\/\",\"logo\":{\"@type\":\"ImageObject\",\"inLanguage\":\"en-US\",\"@id\":\"https:\/\/ueb1.sci.muni.cz\/ofiz\/#\/schema\/logo\/image\/\",\"url\":\"https:\/\/www.sci.muni.cz\/ofiz\/wp-content\/uploads\/2019\/02\/logo_EN.png\",\"contentUrl\":\"https:\/\/www.sci.muni.cz\/ofiz\/wp-content\/uploads\/2019\/02\/logo_EN.png\",\"width\":1903,\"height\":264,\"caption\":\"Department of Animal Physiology and Immunology\"},\"image\":{\"@id\":\"https:\/\/ueb1.sci.muni.cz\/ofiz\/#\/schema\/logo\/image\/\"}},{\"@type\":\"Person\",\"@id\":\"https:\/\/ueb1.sci.muni.cz\/ofiz\/#\/schema\/person\/3119766c8e4c78f08bbbde220469aee6\",\"name\":\"Lucie Nesvadbov\u00e1\",\"image\":{\"@type\":\"ImageObject\",\"inLanguage\":\"en-US\",\"@id\":\"https:\/\/ueb1.sci.muni.cz\/ofiz\/#\/schema\/person\/image\/\",\"url\":\"https:\/\/secure.gravatar.com\/avatar\/a91adf81f15a662a55b84fac48c8a8a4f22879e0ab9141bb8487b53bb898b6a6?s=96&d=mm&r=g\",\"contentUrl\":\"https:\/\/secure.gravatar.com\/avatar\/a91adf81f15a662a55b84fac48c8a8a4f22879e0ab9141bb8487b53bb898b6a6?s=96&d=mm&r=g\",\"caption\":\"Lucie Nesvadbov\u00e1\"},\"url\":\"https:\/\/ueb1.sci.muni.cz\/ofiz\/author\/nesvadbova\/\"}]}<\/script>\n<!-- \/ Yoast SEO plugin. -->","yoast_head_json":{"title":"Diserta\u010dn\u00ed pr\u00e1ce Pavl\u00edny Janovsk\u00e9 mezi Top 13 v sout\u011b\u017ei Wernera von Siemense - Department of Animal Physiology and Immunology","robots":{"index":"index","follow":"follow","max-snippet":"max-snippet:-1","max-image-preview":"max-image-preview:large","max-video-preview":"max-video-preview:-1"},"canonical":"https:\/\/ueb1.sci.muni.cz\/ofiz\/disertacni-prace-pavliny-janovske-mezi-top-13-v-soutezi-wernera-von-siemense\/","og_locale":"en_US","og_type":"article","og_title":"Diserta\u010dn\u00ed pr\u00e1ce Pavl\u00edny Janovsk\u00e9 mezi Top 13 v sout\u011b\u017ei Wernera von Siemense - Department of Animal Physiology and Immunology","og_description":"Diserta\u010dn\u00ed pr\u00e1ce Mgr. Pavl\u00edny Janovsk\u00e9, Ph.D. se um\u00edstila mezi 13 nej\u00fasp\u011b\u0161n\u011bj\u0161\u00edmi diserta\u010dn\u00edmi pracemi v sout\u011b\u017ei Wernera von Siemense 2019. Letos do sout\u011b\u017ee p\u0159i\u0161lo rekordn\u00edch 645 p\u0159ihl\u00e1\u0161ek diplomov\u00fdch a diserta\u010dn\u00edch prac\u00ed, Pavl\u00ednino um\u00edst\u011bn\u00ed je tedy opravdu skv\u011bl\u00fdm \u00fasp\u011bchem a potvrzuje vysokou &hellip; Read More","og_url":"https:\/\/ueb1.sci.muni.cz\/ofiz\/disertacni-prace-pavliny-janovske-mezi-top-13-v-soutezi-wernera-von-siemense\/","og_site_name":"Department of Animal Physiology and Immunology","article_published_time":"2020-03-08T15:30:30+00:00","article_modified_time":"2020-03-08T15:31:32+00:00","og_image":[{"width":372,"height":357,"url":"https:\/\/ueb1.sci.muni.cz\/ofiz\/wp-content\/uploads\/2020\/03\/janovska_feature.png","type":"image\/png"}],"author":"Lucie Nesvadbov\u00e1","twitter_card":"summary_large_image","twitter_misc":{"Written by":"Lucie Nesvadbov\u00e1","Est. reading time":"1 minute"},"schema":{"@context":"https:\/\/schema.org","@graph":[{"@type":"Article","@id":"https:\/\/ueb1.sci.muni.cz\/ofiz\/disertacni-prace-pavliny-janovske-mezi-top-13-v-soutezi-wernera-von-siemense\/#article","isPartOf":{"@id":"https:\/\/ueb1.sci.muni.cz\/ofiz\/disertacni-prace-pavliny-janovske-mezi-top-13-v-soutezi-wernera-von-siemense\/"},"author":{"name":"Lucie Nesvadbov\u00e1","@id":"https:\/\/ueb1.sci.muni.cz\/ofiz\/#\/schema\/person\/3119766c8e4c78f08bbbde220469aee6"},"headline":"Diserta\u010dn\u00ed pr\u00e1ce Pavl\u00edny Janovsk\u00e9 mezi Top 13 v sout\u011b\u017ei Wernera von Siemense","datePublished":"2020-03-08T15:30:30+00:00","dateModified":"2020-03-08T15:31:32+00:00","mainEntityOfPage":{"@id":"https:\/\/ueb1.sci.muni.cz\/ofiz\/disertacni-prace-pavliny-janovske-mezi-top-13-v-soutezi-wernera-von-siemense\/"},"wordCount":161,"publisher":{"@id":"https:\/\/ueb1.sci.muni.cz\/ofiz\/#organization"},"image":{"@id":"https:\/\/ueb1.sci.muni.cz\/ofiz\/disertacni-prace-pavliny-janovske-mezi-top-13-v-soutezi-wernera-von-siemense\/#primaryimage"},"thumbnailUrl":"https:\/\/ueb1.sci.muni.cz\/ofiz\/wp-content\/uploads\/2020\/03\/janovska_feature.png","articleSection":["Novinky"],"inLanguage":"en-US"},{"@type":"WebPage","@id":"https:\/\/ueb1.sci.muni.cz\/ofiz\/disertacni-prace-pavliny-janovske-mezi-top-13-v-soutezi-wernera-von-siemense\/","url":"https:\/\/ueb1.sci.muni.cz\/ofiz\/disertacni-prace-pavliny-janovske-mezi-top-13-v-soutezi-wernera-von-siemense\/","name":"Diserta\u010dn\u00ed pr\u00e1ce Pavl\u00edny Janovsk\u00e9 mezi Top 13 v sout\u011b\u017ei Wernera von Siemense - Department of Animal Physiology and Immunology","isPartOf":{"@id":"https:\/\/ueb1.sci.muni.cz\/ofiz\/#website"},"primaryImageOfPage":{"@id":"https:\/\/ueb1.sci.muni.cz\/ofiz\/disertacni-prace-pavliny-janovske-mezi-top-13-v-soutezi-wernera-von-siemense\/#primaryimage"},"image":{"@id":"https:\/\/ueb1.sci.muni.cz\/ofiz\/disertacni-prace-pavliny-janovske-mezi-top-13-v-soutezi-wernera-von-siemense\/#primaryimage"},"thumbnailUrl":"https:\/\/ueb1.sci.muni.cz\/ofiz\/wp-content\/uploads\/2020\/03\/janovska_feature.png","datePublished":"2020-03-08T15:30:30+00:00","dateModified":"2020-03-08T15:31:32+00:00","breadcrumb":{"@id":"https:\/\/ueb1.sci.muni.cz\/ofiz\/disertacni-prace-pavliny-janovske-mezi-top-13-v-soutezi-wernera-von-siemense\/#breadcrumb"},"inLanguage":"en-US","potentialAction":[{"@type":"ReadAction","target":["https:\/\/ueb1.sci.muni.cz\/ofiz\/disertacni-prace-pavliny-janovske-mezi-top-13-v-soutezi-wernera-von-siemense\/"]}]},{"@type":"ImageObject","inLanguage":"en-US","@id":"https:\/\/ueb1.sci.muni.cz\/ofiz\/disertacni-prace-pavliny-janovske-mezi-top-13-v-soutezi-wernera-von-siemense\/#primaryimage","url":"https:\/\/ueb1.sci.muni.cz\/ofiz\/wp-content\/uploads\/2020\/03\/janovska_feature.png","contentUrl":"https:\/\/ueb1.sci.muni.cz\/ofiz\/wp-content\/uploads\/2020\/03\/janovska_feature.png","width":372,"height":357},{"@type":"BreadcrumbList","@id":"https:\/\/ueb1.sci.muni.cz\/ofiz\/disertacni-prace-pavliny-janovske-mezi-top-13-v-soutezi-wernera-von-siemense\/#breadcrumb","itemListElement":[{"@type":"ListItem","position":1,"name":"Home","item":"https:\/\/ueb1.sci.muni.cz\/ofiz\/"},{"@type":"ListItem","position":2,"name":"Diserta\u010dn\u00ed pr\u00e1ce Pavl\u00edny Janovsk\u00e9 mezi Top 13 v sout\u011b\u017ei Wernera von Siemense"}]},{"@type":"WebSite","@id":"https:\/\/ueb1.sci.muni.cz\/ofiz\/#website","url":"https:\/\/ueb1.sci.muni.cz\/ofiz\/","name":"Department of Animal Physiology and Immunology","description":"","publisher":{"@id":"https:\/\/ueb1.sci.muni.cz\/ofiz\/#organization"},"potentialAction":[{"@type":"SearchAction","target":{"@type":"EntryPoint","urlTemplate":"https:\/\/ueb1.sci.muni.cz\/ofiz\/?s={search_term_string}"},"query-input":{"@type":"PropertyValueSpecification","valueRequired":true,"valueName":"search_term_string"}}],"inLanguage":"en-US"},{"@type":"Organization","@id":"https:\/\/ueb1.sci.muni.cz\/ofiz\/#organization","name":"Department of Animal Physiology and Immunology","url":"https:\/\/ueb1.sci.muni.cz\/ofiz\/","logo":{"@type":"ImageObject","inLanguage":"en-US","@id":"https:\/\/ueb1.sci.muni.cz\/ofiz\/#\/schema\/logo\/image\/","url":"https:\/\/www.sci.muni.cz\/ofiz\/wp-content\/uploads\/2019\/02\/logo_EN.png","contentUrl":"https:\/\/www.sci.muni.cz\/ofiz\/wp-content\/uploads\/2019\/02\/logo_EN.png","width":1903,"height":264,"caption":"Department of Animal Physiology and Immunology"},"image":{"@id":"https:\/\/ueb1.sci.muni.cz\/ofiz\/#\/schema\/logo\/image\/"}},{"@type":"Person","@id":"https:\/\/ueb1.sci.muni.cz\/ofiz\/#\/schema\/person\/3119766c8e4c78f08bbbde220469aee6","name":"Lucie Nesvadbov\u00e1","image":{"@type":"ImageObject","inLanguage":"en-US","@id":"https:\/\/ueb1.sci.muni.cz\/ofiz\/#\/schema\/person\/image\/","url":"https:\/\/secure.gravatar.com\/avatar\/a91adf81f15a662a55b84fac48c8a8a4f22879e0ab9141bb8487b53bb898b6a6?s=96&d=mm&r=g","contentUrl":"https:\/\/secure.gravatar.com\/avatar\/a91adf81f15a662a55b84fac48c8a8a4f22879e0ab9141bb8487b53bb898b6a6?s=96&d=mm&r=g","caption":"Lucie Nesvadbov\u00e1"},"url":"https:\/\/ueb1.sci.muni.cz\/ofiz\/author\/nesvadbova\/"}]}},"_links":{"self":[{"href":"https:\/\/ueb1.sci.muni.cz\/ofiz\/wp-json\/wp\/v2\/posts\/4374","targetHints":{"allow":["GET"]}}],"collection":[{"href":"https:\/\/ueb1.sci.muni.cz\/ofiz\/wp-json\/wp\/v2\/posts"}],"about":[{"href":"https:\/\/ueb1.sci.muni.cz\/ofiz\/wp-json\/wp\/v2\/types\/post"}],"author":[{"embeddable":true,"href":"https:\/\/ueb1.sci.muni.cz\/ofiz\/wp-json\/wp\/v2\/users\/5"}],"replies":[{"embeddable":true,"href":"https:\/\/ueb1.sci.muni.cz\/ofiz\/wp-json\/wp\/v2\/comments?post=4374"}],"version-history":[{"count":11,"href":"https:\/\/ueb1.sci.muni.cz\/ofiz\/wp-json\/wp\/v2\/posts\/4374\/revisions"}],"predecessor-version":[{"id":4388,"href":"https:\/\/ueb1.sci.muni.cz\/ofiz\/wp-json\/wp\/v2\/posts\/4374\/revisions\/4388"}],"wp:featuredmedia":[{"embeddable":true,"href":"https:\/\/ueb1.sci.muni.cz\/ofiz\/wp-json\/wp\/v2\/media\/4385"}],"wp:attachment":[{"href":"https:\/\/ueb1.sci.muni.cz\/ofiz\/wp-json\/wp\/v2\/media?parent=4374"}],"wp:term":[{"taxonomy":"category","embeddable":true,"href":"https:\/\/ueb1.sci.muni.cz\/ofiz\/wp-json\/wp\/v2\/categories?post=4374"},{"taxonomy":"post_tag","embeddable":true,"href":"https:\/\/ueb1.sci.muni.cz\/ofiz\/wp-json\/wp\/v2\/tags?post=4374"}],"curies":[{"name":"wp","href":"https:\/\/api.w.org\/{rel}","templated":true}]}}