{"id":4252,"date":"2020-02-20T15:42:17","date_gmt":"2020-02-20T15:42:17","guid":{"rendered":"http:\/\/www.sci.muni.cz\/ofiz\/?p=4252"},"modified":"2020-02-20T15:42:19","modified_gmt":"2020-02-20T15:42:19","slug":"o-nemoci-motylich-kridel","status":"publish","type":"post","link":"https:\/\/ueb1.sci.muni.cz\/ofiz\/o-nemoci-motylich-kridel\/","title":{"rendered":"O nemoci mot\u00fdl\u00edch k\u0159\u00eddel"},"content":{"rendered":"\n<h5>Na semin\u00e1\u0159i jsme v tomto t\u00fddnu p\u0159iv\u00edtali pana Ing. Pavla Melich\u00e1rka, \u0159editele organizace <a href=\"https:\/\/www.debra-cz.org\/\">DEBRA \u010cR, z. \u00fa.<\/a>, kter\u00fd n\u00e1m p\u0159edn\u00e1\u0161el <a href=\"https:\/\/www.debra-cz.org\/o-nemoci-motylich-kridel\">o nemoci mot\u00fdl\u00edch k\u0159\u00eddel<\/a>. <\/h5>\n<h5>Jedn\u00e1 se o vrozen\u00e9 puch\u00fd\u0159nat\u00e9 onemocn\u011bn\u00ed k\u016f\u017ee, tzv. <i>Epidermolysis bullosa congenita<\/i> (zkr\u00e1cen\u011b EB). Tato d\u011bdi\u010dn\u00e1 choroba pat\u0159\u00ed mezi tzv. vz\u00e1cn\u00e1 onemocn\u011bn\u00ed. U n\u00e1s j\u00ed trp\u00ed p\u0159ibli\u017en\u011b 300 lid\u00ed, v Evrop\u011b je cca 30 000 nemocn\u00fdch a ve sv\u011bt\u011b \u017eije okolo 500 000 pacient\u016f s EB. Nemoc je geneticky podm\u00edn\u011bn\u00e1 a v sou\u010dasnosti ji nelze zcela vyl\u00e9\u010dit. D\u00edky vysoce specializovan\u00e9 l\u00e9ka\u0159sk\u00e9 p\u00e9\u010di se v\u0161ak da\u0159\u00ed \u017eivot nemocn\u00fdch s EB v\u00fdrazn\u011b zlep\u0161ovat. <\/h5>\n<h5>Posl\u00e1n\u00edm charitativn\u00ed organizace DEBRA \u010cR, z.\u00fa. je zvy\u0161ovat kvalitu \u017eivota lid\u00ed trp\u00edc\u00edch nemoc\u00ed mot\u00fdl\u00edch k\u0159\u00eddel a jejich rodin. Sna\u017e\u00ed se zapojovat lidi s EB do plnohodnotn\u00e9ho \u017eivota.<\/h5>\n<h5>Jak m\u016f\u017eete pomoci i Vy se dozv\u00edte <a href=\"https:\/\/www.debra-cz.org\/jak-pomahat\">tady<\/a>.<\/h5>\n\n\n\n<figure class=\"wp-block-image\"><img loading=\"lazy\" decoding=\"async\" width=\"1024\" height=\"576\" src=\"https:\/\/www.sci.muni.cz\/ofiz\/wp-content\/uploads\/2020\/02\/P\u0159edn\u00e1\u0161ka_Debra-1024x576.jpg\" alt=\"\" class=\"wp-image-4253\" srcset=\"https:\/\/ueb1.sci.muni.cz\/ofiz\/wp-content\/uploads\/2020\/02\/P\u0159edn\u00e1\u0161ka_Debra-1024x576.jpg 1024w, https:\/\/ueb1.sci.muni.cz\/ofiz\/wp-content\/uploads\/2020\/02\/P\u0159edn\u00e1\u0161ka_Debra-300x169.jpg 300w, https:\/\/ueb1.sci.muni.cz\/ofiz\/wp-content\/uploads\/2020\/02\/P\u0159edn\u00e1\u0161ka_Debra-768x432.jpg 768w\" sizes=\"auto, (max-width: 1024px) 100vw, 1024px\" \/><\/figure>\n","protected":false},"excerpt":{"rendered":"<p>Na semin\u00e1\u0159i jsme v tomto t\u00fddnu p\u0159iv\u00edtali pana Ing. Pavla Melich\u00e1rka, \u0159editele organizace DEBRA \u010cR, z. \u00fa., kter\u00fd n\u00e1m p\u0159edn\u00e1\u0161el o nemoci mot\u00fdl\u00edch k\u0159\u00eddel. Jedn\u00e1 se o vrozen\u00e9 puch\u00fd\u0159nat\u00e9 onemocn\u011bn\u00ed k\u016f\u017ee, tzv. Epidermolysis bullosa congenita (zkr\u00e1cen\u011b EB). Tato d\u011bdi\u010dn\u00e1 choroba &hellip; <a href=\"https:\/\/ueb1.sci.muni.cz\/ofiz\/o-nemoci-motylich-kridel\/\">Read More<\/a><\/p>\n","protected":false},"author":5,"featured_media":4256,"comment_status":"closed","ping_status":"closed","sticky":false,"template":"","format":"standard","meta":{"kt_blocks_editor_width":"","_exactmetrics_skip_tracking":false,"_exactmetrics_sitenote_active":false,"_exactmetrics_sitenote_note":"","_exactmetrics_sitenote_category":0,"footnotes":""},"categories":[269],"tags":[],"class_list":["post-4252","post","type-post","status-publish","format-standard","has-post-thumbnail","hentry","category-novinky"],"yoast_head":"<!-- This site is optimized with the Yoast SEO plugin v26.1.1 - https:\/\/yoast.com\/wordpress\/plugins\/seo\/ -->\n<title>O nemoci mot\u00fdl\u00edch k\u0159\u00eddel - Department of Animal Physiology and Immunology<\/title>\n<meta name=\"robots\" content=\"index, follow, max-snippet:-1, max-image-preview:large, max-video-preview:-1\" \/>\n<link rel=\"canonical\" href=\"https:\/\/ueb1.sci.muni.cz\/ofiz\/o-nemoci-motylich-kridel\/\" \/>\n<meta property=\"og:locale\" content=\"en_US\" \/>\n<meta property=\"og:type\" content=\"article\" \/>\n<meta property=\"og:title\" content=\"O nemoci mot\u00fdl\u00edch k\u0159\u00eddel - Department of Animal Physiology and Immunology\" \/>\n<meta property=\"og:description\" content=\"Na semin\u00e1\u0159i jsme v tomto t\u00fddnu p\u0159iv\u00edtali pana Ing. Pavla Melich\u00e1rka, \u0159editele organizace DEBRA \u010cR, z. \u00fa., kter\u00fd n\u00e1m p\u0159edn\u00e1\u0161el o nemoci mot\u00fdl\u00edch k\u0159\u00eddel. Jedn\u00e1 se o vrozen\u00e9 puch\u00fd\u0159nat\u00e9 onemocn\u011bn\u00ed k\u016f\u017ee, tzv. Epidermolysis bullosa congenita (zkr\u00e1cen\u011b EB). Tato d\u011bdi\u010dn\u00e1 choroba &hellip; Read More\" \/>\n<meta property=\"og:url\" content=\"https:\/\/ueb1.sci.muni.cz\/ofiz\/o-nemoci-motylich-kridel\/\" \/>\n<meta property=\"og:site_name\" content=\"Department of Animal Physiology and Immunology\" \/>\n<meta property=\"article:published_time\" content=\"2020-02-20T15:42:17+00:00\" \/>\n<meta property=\"article:modified_time\" content=\"2020-02-20T15:42:19+00:00\" \/>\n<meta property=\"og:image\" content=\"https:\/\/ueb1.sci.muni.cz\/ofiz\/wp-content\/uploads\/2020\/02\/debra_logo.jpg\" \/>\n\t<meta property=\"og:image:width\" content=\"246\" \/>\n\t<meta property=\"og:image:height\" content=\"174\" \/>\n\t<meta property=\"og:image:type\" content=\"image\/jpeg\" \/>\n<meta name=\"author\" content=\"Lucie Nesvadbov\u00e1\" \/>\n<meta name=\"twitter:card\" content=\"summary_large_image\" \/>\n<meta name=\"twitter:label1\" content=\"Written by\" \/>\n\t<meta name=\"twitter:data1\" content=\"Lucie Nesvadbov\u00e1\" \/>\n\t<meta name=\"twitter:label2\" content=\"Est. reading time\" \/>\n\t<meta name=\"twitter:data2\" content=\"1 minute\" \/>\n<script type=\"application\/ld+json\" class=\"yoast-schema-graph\">{\"@context\":\"https:\/\/schema.org\",\"@graph\":[{\"@type\":\"Article\",\"@id\":\"https:\/\/ueb1.sci.muni.cz\/ofiz\/o-nemoci-motylich-kridel\/#article\",\"isPartOf\":{\"@id\":\"https:\/\/ueb1.sci.muni.cz\/ofiz\/o-nemoci-motylich-kridel\/\"},\"author\":{\"name\":\"Lucie Nesvadbov\u00e1\",\"@id\":\"https:\/\/ueb1.sci.muni.cz\/ofiz\/#\/schema\/person\/3119766c8e4c78f08bbbde220469aee6\"},\"headline\":\"O nemoci mot\u00fdl\u00edch k\u0159\u00eddel\",\"datePublished\":\"2020-02-20T15:42:17+00:00\",\"dateModified\":\"2020-02-20T15:42:19+00:00\",\"mainEntityOfPage\":{\"@id\":\"https:\/\/ueb1.sci.muni.cz\/ofiz\/o-nemoci-motylich-kridel\/\"},\"wordCount\":177,\"publisher\":{\"@id\":\"https:\/\/ueb1.sci.muni.cz\/ofiz\/#organization\"},\"image\":{\"@id\":\"https:\/\/ueb1.sci.muni.cz\/ofiz\/o-nemoci-motylich-kridel\/#primaryimage\"},\"thumbnailUrl\":\"https:\/\/ueb1.sci.muni.cz\/ofiz\/wp-content\/uploads\/2020\/02\/debra_logo.jpg\",\"articleSection\":[\"Novinky\"],\"inLanguage\":\"en-US\"},{\"@type\":\"WebPage\",\"@id\":\"https:\/\/ueb1.sci.muni.cz\/ofiz\/o-nemoci-motylich-kridel\/\",\"url\":\"https:\/\/ueb1.sci.muni.cz\/ofiz\/o-nemoci-motylich-kridel\/\",\"name\":\"O nemoci mot\u00fdl\u00edch k\u0159\u00eddel - Department of Animal Physiology and Immunology\",\"isPartOf\":{\"@id\":\"https:\/\/ueb1.sci.muni.cz\/ofiz\/#website\"},\"primaryImageOfPage\":{\"@id\":\"https:\/\/ueb1.sci.muni.cz\/ofiz\/o-nemoci-motylich-kridel\/#primaryimage\"},\"image\":{\"@id\":\"https:\/\/ueb1.sci.muni.cz\/ofiz\/o-nemoci-motylich-kridel\/#primaryimage\"},\"thumbnailUrl\":\"https:\/\/ueb1.sci.muni.cz\/ofiz\/wp-content\/uploads\/2020\/02\/debra_logo.jpg\",\"datePublished\":\"2020-02-20T15:42:17+00:00\",\"dateModified\":\"2020-02-20T15:42:19+00:00\",\"breadcrumb\":{\"@id\":\"https:\/\/ueb1.sci.muni.cz\/ofiz\/o-nemoci-motylich-kridel\/#breadcrumb\"},\"inLanguage\":\"en-US\",\"potentialAction\":[{\"@type\":\"ReadAction\",\"target\":[\"https:\/\/ueb1.sci.muni.cz\/ofiz\/o-nemoci-motylich-kridel\/\"]}]},{\"@type\":\"ImageObject\",\"inLanguage\":\"en-US\",\"@id\":\"https:\/\/ueb1.sci.muni.cz\/ofiz\/o-nemoci-motylich-kridel\/#primaryimage\",\"url\":\"https:\/\/ueb1.sci.muni.cz\/ofiz\/wp-content\/uploads\/2020\/02\/debra_logo.jpg\",\"contentUrl\":\"https:\/\/ueb1.sci.muni.cz\/ofiz\/wp-content\/uploads\/2020\/02\/debra_logo.jpg\",\"width\":246,\"height\":174},{\"@type\":\"BreadcrumbList\",\"@id\":\"https:\/\/ueb1.sci.muni.cz\/ofiz\/o-nemoci-motylich-kridel\/#breadcrumb\",\"itemListElement\":[{\"@type\":\"ListItem\",\"position\":1,\"name\":\"Home\",\"item\":\"https:\/\/ueb1.sci.muni.cz\/ofiz\/\"},{\"@type\":\"ListItem\",\"position\":2,\"name\":\"O nemoci mot\u00fdl\u00edch k\u0159\u00eddel\"}]},{\"@type\":\"WebSite\",\"@id\":\"https:\/\/ueb1.sci.muni.cz\/ofiz\/#website\",\"url\":\"https:\/\/ueb1.sci.muni.cz\/ofiz\/\",\"name\":\"Department of Animal Physiology and Immunology\",\"description\":\"\",\"publisher\":{\"@id\":\"https:\/\/ueb1.sci.muni.cz\/ofiz\/#organization\"},\"potentialAction\":[{\"@type\":\"SearchAction\",\"target\":{\"@type\":\"EntryPoint\",\"urlTemplate\":\"https:\/\/ueb1.sci.muni.cz\/ofiz\/?s={search_term_string}\"},\"query-input\":{\"@type\":\"PropertyValueSpecification\",\"valueRequired\":true,\"valueName\":\"search_term_string\"}}],\"inLanguage\":\"en-US\"},{\"@type\":\"Organization\",\"@id\":\"https:\/\/ueb1.sci.muni.cz\/ofiz\/#organization\",\"name\":\"Department of Animal Physiology and Immunology\",\"url\":\"https:\/\/ueb1.sci.muni.cz\/ofiz\/\",\"logo\":{\"@type\":\"ImageObject\",\"inLanguage\":\"en-US\",\"@id\":\"https:\/\/ueb1.sci.muni.cz\/ofiz\/#\/schema\/logo\/image\/\",\"url\":\"https:\/\/www.sci.muni.cz\/ofiz\/wp-content\/uploads\/2019\/02\/logo_EN.png\",\"contentUrl\":\"https:\/\/www.sci.muni.cz\/ofiz\/wp-content\/uploads\/2019\/02\/logo_EN.png\",\"width\":1903,\"height\":264,\"caption\":\"Department of Animal Physiology and Immunology\"},\"image\":{\"@id\":\"https:\/\/ueb1.sci.muni.cz\/ofiz\/#\/schema\/logo\/image\/\"}},{\"@type\":\"Person\",\"@id\":\"https:\/\/ueb1.sci.muni.cz\/ofiz\/#\/schema\/person\/3119766c8e4c78f08bbbde220469aee6\",\"name\":\"Lucie Nesvadbov\u00e1\",\"image\":{\"@type\":\"ImageObject\",\"inLanguage\":\"en-US\",\"@id\":\"https:\/\/ueb1.sci.muni.cz\/ofiz\/#\/schema\/person\/image\/\",\"url\":\"https:\/\/secure.gravatar.com\/avatar\/a91adf81f15a662a55b84fac48c8a8a4f22879e0ab9141bb8487b53bb898b6a6?s=96&d=mm&r=g\",\"contentUrl\":\"https:\/\/secure.gravatar.com\/avatar\/a91adf81f15a662a55b84fac48c8a8a4f22879e0ab9141bb8487b53bb898b6a6?s=96&d=mm&r=g\",\"caption\":\"Lucie Nesvadbov\u00e1\"},\"url\":\"https:\/\/ueb1.sci.muni.cz\/ofiz\/author\/nesvadbova\/\"}]}<\/script>\n<!-- \/ Yoast SEO plugin. -->","yoast_head_json":{"title":"O nemoci mot\u00fdl\u00edch k\u0159\u00eddel - Department of Animal Physiology and Immunology","robots":{"index":"index","follow":"follow","max-snippet":"max-snippet:-1","max-image-preview":"max-image-preview:large","max-video-preview":"max-video-preview:-1"},"canonical":"https:\/\/ueb1.sci.muni.cz\/ofiz\/o-nemoci-motylich-kridel\/","og_locale":"en_US","og_type":"article","og_title":"O nemoci mot\u00fdl\u00edch k\u0159\u00eddel - Department of Animal Physiology and Immunology","og_description":"Na semin\u00e1\u0159i jsme v tomto t\u00fddnu p\u0159iv\u00edtali pana Ing. Pavla Melich\u00e1rka, \u0159editele organizace DEBRA \u010cR, z. \u00fa., kter\u00fd n\u00e1m p\u0159edn\u00e1\u0161el o nemoci mot\u00fdl\u00edch k\u0159\u00eddel. Jedn\u00e1 se o vrozen\u00e9 puch\u00fd\u0159nat\u00e9 onemocn\u011bn\u00ed k\u016f\u017ee, tzv. Epidermolysis bullosa congenita (zkr\u00e1cen\u011b EB). Tato d\u011bdi\u010dn\u00e1 choroba &hellip; Read More","og_url":"https:\/\/ueb1.sci.muni.cz\/ofiz\/o-nemoci-motylich-kridel\/","og_site_name":"Department of Animal Physiology and Immunology","article_published_time":"2020-02-20T15:42:17+00:00","article_modified_time":"2020-02-20T15:42:19+00:00","og_image":[{"width":246,"height":174,"url":"https:\/\/ueb1.sci.muni.cz\/ofiz\/wp-content\/uploads\/2020\/02\/debra_logo.jpg","type":"image\/jpeg"}],"author":"Lucie Nesvadbov\u00e1","twitter_card":"summary_large_image","twitter_misc":{"Written by":"Lucie Nesvadbov\u00e1","Est. reading time":"1 minute"},"schema":{"@context":"https:\/\/schema.org","@graph":[{"@type":"Article","@id":"https:\/\/ueb1.sci.muni.cz\/ofiz\/o-nemoci-motylich-kridel\/#article","isPartOf":{"@id":"https:\/\/ueb1.sci.muni.cz\/ofiz\/o-nemoci-motylich-kridel\/"},"author":{"name":"Lucie Nesvadbov\u00e1","@id":"https:\/\/ueb1.sci.muni.cz\/ofiz\/#\/schema\/person\/3119766c8e4c78f08bbbde220469aee6"},"headline":"O nemoci mot\u00fdl\u00edch k\u0159\u00eddel","datePublished":"2020-02-20T15:42:17+00:00","dateModified":"2020-02-20T15:42:19+00:00","mainEntityOfPage":{"@id":"https:\/\/ueb1.sci.muni.cz\/ofiz\/o-nemoci-motylich-kridel\/"},"wordCount":177,"publisher":{"@id":"https:\/\/ueb1.sci.muni.cz\/ofiz\/#organization"},"image":{"@id":"https:\/\/ueb1.sci.muni.cz\/ofiz\/o-nemoci-motylich-kridel\/#primaryimage"},"thumbnailUrl":"https:\/\/ueb1.sci.muni.cz\/ofiz\/wp-content\/uploads\/2020\/02\/debra_logo.jpg","articleSection":["Novinky"],"inLanguage":"en-US"},{"@type":"WebPage","@id":"https:\/\/ueb1.sci.muni.cz\/ofiz\/o-nemoci-motylich-kridel\/","url":"https:\/\/ueb1.sci.muni.cz\/ofiz\/o-nemoci-motylich-kridel\/","name":"O nemoci mot\u00fdl\u00edch k\u0159\u00eddel - Department of Animal Physiology and Immunology","isPartOf":{"@id":"https:\/\/ueb1.sci.muni.cz\/ofiz\/#website"},"primaryImageOfPage":{"@id":"https:\/\/ueb1.sci.muni.cz\/ofiz\/o-nemoci-motylich-kridel\/#primaryimage"},"image":{"@id":"https:\/\/ueb1.sci.muni.cz\/ofiz\/o-nemoci-motylich-kridel\/#primaryimage"},"thumbnailUrl":"https:\/\/ueb1.sci.muni.cz\/ofiz\/wp-content\/uploads\/2020\/02\/debra_logo.jpg","datePublished":"2020-02-20T15:42:17+00:00","dateModified":"2020-02-20T15:42:19+00:00","breadcrumb":{"@id":"https:\/\/ueb1.sci.muni.cz\/ofiz\/o-nemoci-motylich-kridel\/#breadcrumb"},"inLanguage":"en-US","potentialAction":[{"@type":"ReadAction","target":["https:\/\/ueb1.sci.muni.cz\/ofiz\/o-nemoci-motylich-kridel\/"]}]},{"@type":"ImageObject","inLanguage":"en-US","@id":"https:\/\/ueb1.sci.muni.cz\/ofiz\/o-nemoci-motylich-kridel\/#primaryimage","url":"https:\/\/ueb1.sci.muni.cz\/ofiz\/wp-content\/uploads\/2020\/02\/debra_logo.jpg","contentUrl":"https:\/\/ueb1.sci.muni.cz\/ofiz\/wp-content\/uploads\/2020\/02\/debra_logo.jpg","width":246,"height":174},{"@type":"BreadcrumbList","@id":"https:\/\/ueb1.sci.muni.cz\/ofiz\/o-nemoci-motylich-kridel\/#breadcrumb","itemListElement":[{"@type":"ListItem","position":1,"name":"Home","item":"https:\/\/ueb1.sci.muni.cz\/ofiz\/"},{"@type":"ListItem","position":2,"name":"O nemoci mot\u00fdl\u00edch k\u0159\u00eddel"}]},{"@type":"WebSite","@id":"https:\/\/ueb1.sci.muni.cz\/ofiz\/#website","url":"https:\/\/ueb1.sci.muni.cz\/ofiz\/","name":"Department of Animal Physiology and Immunology","description":"","publisher":{"@id":"https:\/\/ueb1.sci.muni.cz\/ofiz\/#organization"},"potentialAction":[{"@type":"SearchAction","target":{"@type":"EntryPoint","urlTemplate":"https:\/\/ueb1.sci.muni.cz\/ofiz\/?s={search_term_string}"},"query-input":{"@type":"PropertyValueSpecification","valueRequired":true,"valueName":"search_term_string"}}],"inLanguage":"en-US"},{"@type":"Organization","@id":"https:\/\/ueb1.sci.muni.cz\/ofiz\/#organization","name":"Department of Animal Physiology and Immunology","url":"https:\/\/ueb1.sci.muni.cz\/ofiz\/","logo":{"@type":"ImageObject","inLanguage":"en-US","@id":"https:\/\/ueb1.sci.muni.cz\/ofiz\/#\/schema\/logo\/image\/","url":"https:\/\/www.sci.muni.cz\/ofiz\/wp-content\/uploads\/2019\/02\/logo_EN.png","contentUrl":"https:\/\/www.sci.muni.cz\/ofiz\/wp-content\/uploads\/2019\/02\/logo_EN.png","width":1903,"height":264,"caption":"Department of Animal Physiology and Immunology"},"image":{"@id":"https:\/\/ueb1.sci.muni.cz\/ofiz\/#\/schema\/logo\/image\/"}},{"@type":"Person","@id":"https:\/\/ueb1.sci.muni.cz\/ofiz\/#\/schema\/person\/3119766c8e4c78f08bbbde220469aee6","name":"Lucie Nesvadbov\u00e1","image":{"@type":"ImageObject","inLanguage":"en-US","@id":"https:\/\/ueb1.sci.muni.cz\/ofiz\/#\/schema\/person\/image\/","url":"https:\/\/secure.gravatar.com\/avatar\/a91adf81f15a662a55b84fac48c8a8a4f22879e0ab9141bb8487b53bb898b6a6?s=96&d=mm&r=g","contentUrl":"https:\/\/secure.gravatar.com\/avatar\/a91adf81f15a662a55b84fac48c8a8a4f22879e0ab9141bb8487b53bb898b6a6?s=96&d=mm&r=g","caption":"Lucie Nesvadbov\u00e1"},"url":"https:\/\/ueb1.sci.muni.cz\/ofiz\/author\/nesvadbova\/"}]}},"_links":{"self":[{"href":"https:\/\/ueb1.sci.muni.cz\/ofiz\/wp-json\/wp\/v2\/posts\/4252","targetHints":{"allow":["GET"]}}],"collection":[{"href":"https:\/\/ueb1.sci.muni.cz\/ofiz\/wp-json\/wp\/v2\/posts"}],"about":[{"href":"https:\/\/ueb1.sci.muni.cz\/ofiz\/wp-json\/wp\/v2\/types\/post"}],"author":[{"embeddable":true,"href":"https:\/\/ueb1.sci.muni.cz\/ofiz\/wp-json\/wp\/v2\/users\/5"}],"replies":[{"embeddable":true,"href":"https:\/\/ueb1.sci.muni.cz\/ofiz\/wp-json\/wp\/v2\/comments?post=4252"}],"version-history":[{"count":2,"href":"https:\/\/ueb1.sci.muni.cz\/ofiz\/wp-json\/wp\/v2\/posts\/4252\/revisions"}],"predecessor-version":[{"id":4255,"href":"https:\/\/ueb1.sci.muni.cz\/ofiz\/wp-json\/wp\/v2\/posts\/4252\/revisions\/4255"}],"wp:featuredmedia":[{"embeddable":true,"href":"https:\/\/ueb1.sci.muni.cz\/ofiz\/wp-json\/wp\/v2\/media\/4256"}],"wp:attachment":[{"href":"https:\/\/ueb1.sci.muni.cz\/ofiz\/wp-json\/wp\/v2\/media?parent=4252"}],"wp:term":[{"taxonomy":"category","embeddable":true,"href":"https:\/\/ueb1.sci.muni.cz\/ofiz\/wp-json\/wp\/v2\/categories?post=4252"},{"taxonomy":"post_tag","embeddable":true,"href":"https:\/\/ueb1.sci.muni.cz\/ofiz\/wp-json\/wp\/v2\/tags?post=4252"}],"curies":[{"name":"wp","href":"https:\/\/api.w.org\/{rel}","templated":true}]}}