{"id":13175,"date":"2025-06-17T10:44:35","date_gmt":"2025-06-17T10:44:35","guid":{"rendered":"http:\/\/www.sci.muni.cz\/ofiz\/?p=13175"},"modified":"2025-06-17T10:45:07","modified_gmt":"2025-06-17T10:45:07","slug":"cena-dekana-prf-pro-patrika-matusu","status":"publish","type":"post","link":"https:\/\/ueb1.sci.muni.cz\/ofiz\/cena-dekana-prf-pro-patrika-matusu\/","title":{"rendered":"Cena d\u011bkana P\u0159F pro Patrika Matu\u0161\u016f"},"content":{"rendered":"\n<p>Dne 17. 6. 2025 byly p\u0159ed\u00e1ny Ceny d\u011bkana P\u0159\u00edrodov\u011bdeck\u00e9 fakulty pro nejlep\u0161\u00ed studenty bakal\u00e1\u0159sk\u00e9ho, magistersk\u00e9ho a doktorsk\u00e9ho studia a nov\u011b tak\u00e9 Cena pro nejlep\u0161\u00ed pedagogy. <\/p>\n\n\n\n<p>Z na\u0161eho odd\u011blen\u00ed byl ocen\u011bn Mgr. Patrik Matu\u0161\u016f za svou diplomovou pr\u00e1ci pokr\u00fdvaj\u00edc\u00ed problematiku biomateri\u00e1l\u016f<br><a href=\"https:\/\/is.muni.cz\/auth\/th\/ww1rs\/?lang=en\">Immunomodulatory effects of plasma-treated biomaterials<\/a>. <\/p>\n\n\n\n<p>Z \u00dastavu experiment\u00e1ln\u00ed biologie byla ocen\u011bna je\u0161t\u011b Mgr. Karol\u00edna Bo\u0159\u00e1nkov\u00e1, Ph.D. za svou dizerta\u010dn\u00ed pr\u00e1ci a za pedagogickou \u010dinnost byl ocen\u011bn prof. RNDr. Ji\u0159\u00ed Do\u0161ka\u0159, CSc.<\/p>\n\n\n\n<figure class=\"wp-block-image\"><img loading=\"lazy\" decoding=\"async\" width=\"1024\" height=\"777\" src=\"https:\/\/www.sci.muni.cz\/ofiz\/wp-content\/uploads\/2025\/06\/DSC_0348-orez-1024x777.jpg\" alt=\"\" class=\"wp-image-13176\" srcset=\"https:\/\/ueb1.sci.muni.cz\/ofiz\/wp-content\/uploads\/2025\/06\/DSC_0348-orez-1024x777.jpg 1024w, https:\/\/ueb1.sci.muni.cz\/ofiz\/wp-content\/uploads\/2025\/06\/DSC_0348-orez-300x228.jpg 300w, https:\/\/ueb1.sci.muni.cz\/ofiz\/wp-content\/uploads\/2025\/06\/DSC_0348-orez-768x582.jpg 768w\" sizes=\"auto, (max-width: 1024px) 100vw, 1024px\" \/><figcaption>Zleva: vedouc\u00ed \u00dastavu experiment\u00e1ln\u00ed biologie prof. V\u00edt\u011bzslav Bryja, prof. Ji\u0159\u00ed Do\u0161ka\u0159 ocen\u011bn\u00fd za pedagogickou \u010dinnost, prod\u011bkan pro pregradu\u00e1ln\u00ed studium dr. Pavel L\u00edzal, \u0161kolitelka dr. Ji\u0159ina Medalov\u00e1 a jej\u00ed student ocen\u011bn\u00fd za svou diplomovou pr\u00e1ci, Mgr. Patrik Matu\u0161\u016f<\/figcaption><\/figure>\n","protected":false},"excerpt":{"rendered":"<p>Dne 17. 6. 2025 byly p\u0159ed\u00e1ny Ceny d\u011bkana P\u0159\u00edrodov\u011bdeck\u00e9 fakulty pro nejlep\u0161\u00ed studenty bakal\u00e1\u0159sk\u00e9ho, magistersk\u00e9ho a doktorsk\u00e9ho studia a nov\u011b tak\u00e9 Cena pro nejlep\u0161\u00ed pedagogy. Z na\u0161eho odd\u011blen\u00ed byl ocen\u011bn Mgr. Patrik Matu\u0161\u016f za svou diplomovou pr\u00e1ci pokr\u00fdvaj\u00edc\u00ed problematiku biomateri\u00e1l\u016fImmunomodulatory &hellip; <a href=\"https:\/\/ueb1.sci.muni.cz\/ofiz\/cena-dekana-prf-pro-patrika-matusu\/\">Read More<\/a><\/p>\n","protected":false},"author":10,"featured_media":4055,"comment_status":"closed","ping_status":"closed","sticky":false,"template":"","format":"standard","meta":{"kt_blocks_editor_width":"","_exactmetrics_skip_tracking":false,"_exactmetrics_sitenote_active":false,"_exactmetrics_sitenote_note":"","_exactmetrics_sitenote_category":0,"footnotes":""},"categories":[267,269],"tags":[],"class_list":["post-13175","post","type-post","status-publish","format-standard","has-post-thumbnail","hentry","category-news","category-novinky"],"yoast_head":"<!-- This site is optimized with the Yoast SEO plugin v26.1.1 - https:\/\/yoast.com\/wordpress\/plugins\/seo\/ -->\n<title>Cena d\u011bkana P\u0159F pro Patrika Matu\u0161\u016f - Department of Animal Physiology and Immunology<\/title>\n<meta name=\"robots\" content=\"index, follow, max-snippet:-1, max-image-preview:large, max-video-preview:-1\" \/>\n<link rel=\"canonical\" href=\"https:\/\/ueb1.sci.muni.cz\/ofiz\/cena-dekana-prf-pro-patrika-matusu\/\" \/>\n<meta property=\"og:locale\" content=\"en_US\" \/>\n<meta property=\"og:type\" content=\"article\" \/>\n<meta property=\"og:title\" content=\"Cena d\u011bkana P\u0159F pro Patrika Matu\u0161\u016f - Department of Animal Physiology and Immunology\" \/>\n<meta property=\"og:description\" content=\"Dne 17. 6. 2025 byly p\u0159ed\u00e1ny Ceny d\u011bkana P\u0159\u00edrodov\u011bdeck\u00e9 fakulty pro nejlep\u0161\u00ed studenty bakal\u00e1\u0159sk\u00e9ho, magistersk\u00e9ho a doktorsk\u00e9ho studia a nov\u011b tak\u00e9 Cena pro nejlep\u0161\u00ed pedagogy. Z na\u0161eho odd\u011blen\u00ed byl ocen\u011bn Mgr. Patrik Matu\u0161\u016f za svou diplomovou pr\u00e1ci pokr\u00fdvaj\u00edc\u00ed problematiku biomateri\u00e1l\u016fImmunomodulatory &hellip; Read More\" \/>\n<meta property=\"og:url\" content=\"https:\/\/ueb1.sci.muni.cz\/ofiz\/cena-dekana-prf-pro-patrika-matusu\/\" \/>\n<meta property=\"og:site_name\" content=\"Department of Animal Physiology and Immunology\" \/>\n<meta property=\"article:published_time\" content=\"2025-06-17T10:44:35+00:00\" \/>\n<meta property=\"article:modified_time\" content=\"2025-06-17T10:45:07+00:00\" \/>\n<meta property=\"og:image\" content=\"https:\/\/ueb1.sci.muni.cz\/ofiz\/wp-content\/uploads\/2020\/02\/mediale3.jpg\" \/>\n\t<meta property=\"og:image:width\" content=\"794\" \/>\n\t<meta property=\"og:image:height\" content=\"917\" \/>\n\t<meta property=\"og:image:type\" content=\"image\/jpeg\" \/>\n<meta name=\"author\" content=\"Kate\u0159ina Tomanov\u00e1\" \/>\n<meta name=\"twitter:card\" content=\"summary_large_image\" \/>\n<meta name=\"twitter:label1\" content=\"Written by\" \/>\n\t<meta name=\"twitter:data1\" content=\"Kate\u0159ina Tomanov\u00e1\" \/>\n\t<meta name=\"twitter:label2\" content=\"Est. reading time\" \/>\n\t<meta name=\"twitter:data2\" content=\"1 minute\" \/>\n<script type=\"application\/ld+json\" class=\"yoast-schema-graph\">{\"@context\":\"https:\/\/schema.org\",\"@graph\":[{\"@type\":\"Article\",\"@id\":\"https:\/\/ueb1.sci.muni.cz\/ofiz\/cena-dekana-prf-pro-patrika-matusu\/#article\",\"isPartOf\":{\"@id\":\"https:\/\/ueb1.sci.muni.cz\/ofiz\/cena-dekana-prf-pro-patrika-matusu\/\"},\"author\":{\"name\":\"Kate\u0159ina Tomanov\u00e1\",\"@id\":\"https:\/\/ueb1.sci.muni.cz\/ofiz\/#\/schema\/person\/c8812f5d8d8ff84f5f59ff6fc26ec134\"},\"headline\":\"Cena d\u011bkana P\u0159F pro Patrika Matu\u0161\u016f\",\"datePublished\":\"2025-06-17T10:44:35+00:00\",\"dateModified\":\"2025-06-17T10:45:07+00:00\",\"mainEntityOfPage\":{\"@id\":\"https:\/\/ueb1.sci.muni.cz\/ofiz\/cena-dekana-prf-pro-patrika-matusu\/\"},\"wordCount\":150,\"publisher\":{\"@id\":\"https:\/\/ueb1.sci.muni.cz\/ofiz\/#organization\"},\"image\":{\"@id\":\"https:\/\/ueb1.sci.muni.cz\/ofiz\/cena-dekana-prf-pro-patrika-matusu\/#primaryimage\"},\"thumbnailUrl\":\"https:\/\/ueb1.sci.muni.cz\/ofiz\/wp-content\/uploads\/2020\/02\/mediale3.jpg\",\"articleSection\":[\"News\",\"Novinky\"],\"inLanguage\":\"en-US\"},{\"@type\":\"WebPage\",\"@id\":\"https:\/\/ueb1.sci.muni.cz\/ofiz\/cena-dekana-prf-pro-patrika-matusu\/\",\"url\":\"https:\/\/ueb1.sci.muni.cz\/ofiz\/cena-dekana-prf-pro-patrika-matusu\/\",\"name\":\"Cena d\u011bkana P\u0159F pro Patrika Matu\u0161\u016f - Department of Animal Physiology and Immunology\",\"isPartOf\":{\"@id\":\"https:\/\/ueb1.sci.muni.cz\/ofiz\/#website\"},\"primaryImageOfPage\":{\"@id\":\"https:\/\/ueb1.sci.muni.cz\/ofiz\/cena-dekana-prf-pro-patrika-matusu\/#primaryimage\"},\"image\":{\"@id\":\"https:\/\/ueb1.sci.muni.cz\/ofiz\/cena-dekana-prf-pro-patrika-matusu\/#primaryimage\"},\"thumbnailUrl\":\"https:\/\/ueb1.sci.muni.cz\/ofiz\/wp-content\/uploads\/2020\/02\/mediale3.jpg\",\"datePublished\":\"2025-06-17T10:44:35+00:00\",\"dateModified\":\"2025-06-17T10:45:07+00:00\",\"breadcrumb\":{\"@id\":\"https:\/\/ueb1.sci.muni.cz\/ofiz\/cena-dekana-prf-pro-patrika-matusu\/#breadcrumb\"},\"inLanguage\":\"en-US\",\"potentialAction\":[{\"@type\":\"ReadAction\",\"target\":[\"https:\/\/ueb1.sci.muni.cz\/ofiz\/cena-dekana-prf-pro-patrika-matusu\/\"]}]},{\"@type\":\"ImageObject\",\"inLanguage\":\"en-US\",\"@id\":\"https:\/\/ueb1.sci.muni.cz\/ofiz\/cena-dekana-prf-pro-patrika-matusu\/#primaryimage\",\"url\":\"https:\/\/ueb1.sci.muni.cz\/ofiz\/wp-content\/uploads\/2020\/02\/mediale3.jpg\",\"contentUrl\":\"https:\/\/ueb1.sci.muni.cz\/ofiz\/wp-content\/uploads\/2020\/02\/mediale3.jpg\",\"width\":794,\"height\":917},{\"@type\":\"BreadcrumbList\",\"@id\":\"https:\/\/ueb1.sci.muni.cz\/ofiz\/cena-dekana-prf-pro-patrika-matusu\/#breadcrumb\",\"itemListElement\":[{\"@type\":\"ListItem\",\"position\":1,\"name\":\"Home\",\"item\":\"https:\/\/ueb1.sci.muni.cz\/ofiz\/\"},{\"@type\":\"ListItem\",\"position\":2,\"name\":\"Cena d\u011bkana P\u0159F pro Patrika Matu\u0161\u016f\"}]},{\"@type\":\"WebSite\",\"@id\":\"https:\/\/ueb1.sci.muni.cz\/ofiz\/#website\",\"url\":\"https:\/\/ueb1.sci.muni.cz\/ofiz\/\",\"name\":\"Department of Animal Physiology and Immunology\",\"description\":\"\",\"publisher\":{\"@id\":\"https:\/\/ueb1.sci.muni.cz\/ofiz\/#organization\"},\"potentialAction\":[{\"@type\":\"SearchAction\",\"target\":{\"@type\":\"EntryPoint\",\"urlTemplate\":\"https:\/\/ueb1.sci.muni.cz\/ofiz\/?s={search_term_string}\"},\"query-input\":{\"@type\":\"PropertyValueSpecification\",\"valueRequired\":true,\"valueName\":\"search_term_string\"}}],\"inLanguage\":\"en-US\"},{\"@type\":\"Organization\",\"@id\":\"https:\/\/ueb1.sci.muni.cz\/ofiz\/#organization\",\"name\":\"Department of Animal Physiology and Immunology\",\"url\":\"https:\/\/ueb1.sci.muni.cz\/ofiz\/\",\"logo\":{\"@type\":\"ImageObject\",\"inLanguage\":\"en-US\",\"@id\":\"https:\/\/ueb1.sci.muni.cz\/ofiz\/#\/schema\/logo\/image\/\",\"url\":\"https:\/\/www.sci.muni.cz\/ofiz\/wp-content\/uploads\/2019\/02\/logo_EN.png\",\"contentUrl\":\"https:\/\/www.sci.muni.cz\/ofiz\/wp-content\/uploads\/2019\/02\/logo_EN.png\",\"width\":1903,\"height\":264,\"caption\":\"Department of Animal Physiology and Immunology\"},\"image\":{\"@id\":\"https:\/\/ueb1.sci.muni.cz\/ofiz\/#\/schema\/logo\/image\/\"}},{\"@type\":\"Person\",\"@id\":\"https:\/\/ueb1.sci.muni.cz\/ofiz\/#\/schema\/person\/c8812f5d8d8ff84f5f59ff6fc26ec134\",\"name\":\"Kate\u0159ina Tomanov\u00e1\",\"image\":{\"@type\":\"ImageObject\",\"inLanguage\":\"en-US\",\"@id\":\"https:\/\/ueb1.sci.muni.cz\/ofiz\/#\/schema\/person\/image\/\",\"url\":\"https:\/\/secure.gravatar.com\/avatar\/af79de1b34bfeaa8d21179d1901b634261fde8557e7e41b5866dfc65630b781e?s=96&d=mm&r=g\",\"contentUrl\":\"https:\/\/secure.gravatar.com\/avatar\/af79de1b34bfeaa8d21179d1901b634261fde8557e7e41b5866dfc65630b781e?s=96&d=mm&r=g\",\"caption\":\"Kate\u0159ina Tomanov\u00e1\"},\"url\":\"https:\/\/ueb1.sci.muni.cz\/ofiz\/author\/tomanova\/\"}]}<\/script>\n<!-- \/ Yoast SEO plugin. -->","yoast_head_json":{"title":"Cena d\u011bkana P\u0159F pro Patrika Matu\u0161\u016f - Department of Animal Physiology and Immunology","robots":{"index":"index","follow":"follow","max-snippet":"max-snippet:-1","max-image-preview":"max-image-preview:large","max-video-preview":"max-video-preview:-1"},"canonical":"https:\/\/ueb1.sci.muni.cz\/ofiz\/cena-dekana-prf-pro-patrika-matusu\/","og_locale":"en_US","og_type":"article","og_title":"Cena d\u011bkana P\u0159F pro Patrika Matu\u0161\u016f - Department of Animal Physiology and Immunology","og_description":"Dne 17. 6. 2025 byly p\u0159ed\u00e1ny Ceny d\u011bkana P\u0159\u00edrodov\u011bdeck\u00e9 fakulty pro nejlep\u0161\u00ed studenty bakal\u00e1\u0159sk\u00e9ho, magistersk\u00e9ho a doktorsk\u00e9ho studia a nov\u011b tak\u00e9 Cena pro nejlep\u0161\u00ed pedagogy. Z na\u0161eho odd\u011blen\u00ed byl ocen\u011bn Mgr. Patrik Matu\u0161\u016f za svou diplomovou pr\u00e1ci pokr\u00fdvaj\u00edc\u00ed problematiku biomateri\u00e1l\u016fImmunomodulatory &hellip; Read More","og_url":"https:\/\/ueb1.sci.muni.cz\/ofiz\/cena-dekana-prf-pro-patrika-matusu\/","og_site_name":"Department of Animal Physiology and Immunology","article_published_time":"2025-06-17T10:44:35+00:00","article_modified_time":"2025-06-17T10:45:07+00:00","og_image":[{"width":794,"height":917,"url":"https:\/\/ueb1.sci.muni.cz\/ofiz\/wp-content\/uploads\/2020\/02\/mediale3.jpg","type":"image\/jpeg"}],"author":"Kate\u0159ina Tomanov\u00e1","twitter_card":"summary_large_image","twitter_misc":{"Written by":"Kate\u0159ina Tomanov\u00e1","Est. reading time":"1 minute"},"schema":{"@context":"https:\/\/schema.org","@graph":[{"@type":"Article","@id":"https:\/\/ueb1.sci.muni.cz\/ofiz\/cena-dekana-prf-pro-patrika-matusu\/#article","isPartOf":{"@id":"https:\/\/ueb1.sci.muni.cz\/ofiz\/cena-dekana-prf-pro-patrika-matusu\/"},"author":{"name":"Kate\u0159ina Tomanov\u00e1","@id":"https:\/\/ueb1.sci.muni.cz\/ofiz\/#\/schema\/person\/c8812f5d8d8ff84f5f59ff6fc26ec134"},"headline":"Cena d\u011bkana P\u0159F pro Patrika Matu\u0161\u016f","datePublished":"2025-06-17T10:44:35+00:00","dateModified":"2025-06-17T10:45:07+00:00","mainEntityOfPage":{"@id":"https:\/\/ueb1.sci.muni.cz\/ofiz\/cena-dekana-prf-pro-patrika-matusu\/"},"wordCount":150,"publisher":{"@id":"https:\/\/ueb1.sci.muni.cz\/ofiz\/#organization"},"image":{"@id":"https:\/\/ueb1.sci.muni.cz\/ofiz\/cena-dekana-prf-pro-patrika-matusu\/#primaryimage"},"thumbnailUrl":"https:\/\/ueb1.sci.muni.cz\/ofiz\/wp-content\/uploads\/2020\/02\/mediale3.jpg","articleSection":["News","Novinky"],"inLanguage":"en-US"},{"@type":"WebPage","@id":"https:\/\/ueb1.sci.muni.cz\/ofiz\/cena-dekana-prf-pro-patrika-matusu\/","url":"https:\/\/ueb1.sci.muni.cz\/ofiz\/cena-dekana-prf-pro-patrika-matusu\/","name":"Cena d\u011bkana P\u0159F pro Patrika Matu\u0161\u016f - Department of Animal Physiology and Immunology","isPartOf":{"@id":"https:\/\/ueb1.sci.muni.cz\/ofiz\/#website"},"primaryImageOfPage":{"@id":"https:\/\/ueb1.sci.muni.cz\/ofiz\/cena-dekana-prf-pro-patrika-matusu\/#primaryimage"},"image":{"@id":"https:\/\/ueb1.sci.muni.cz\/ofiz\/cena-dekana-prf-pro-patrika-matusu\/#primaryimage"},"thumbnailUrl":"https:\/\/ueb1.sci.muni.cz\/ofiz\/wp-content\/uploads\/2020\/02\/mediale3.jpg","datePublished":"2025-06-17T10:44:35+00:00","dateModified":"2025-06-17T10:45:07+00:00","breadcrumb":{"@id":"https:\/\/ueb1.sci.muni.cz\/ofiz\/cena-dekana-prf-pro-patrika-matusu\/#breadcrumb"},"inLanguage":"en-US","potentialAction":[{"@type":"ReadAction","target":["https:\/\/ueb1.sci.muni.cz\/ofiz\/cena-dekana-prf-pro-patrika-matusu\/"]}]},{"@type":"ImageObject","inLanguage":"en-US","@id":"https:\/\/ueb1.sci.muni.cz\/ofiz\/cena-dekana-prf-pro-patrika-matusu\/#primaryimage","url":"https:\/\/ueb1.sci.muni.cz\/ofiz\/wp-content\/uploads\/2020\/02\/mediale3.jpg","contentUrl":"https:\/\/ueb1.sci.muni.cz\/ofiz\/wp-content\/uploads\/2020\/02\/mediale3.jpg","width":794,"height":917},{"@type":"BreadcrumbList","@id":"https:\/\/ueb1.sci.muni.cz\/ofiz\/cena-dekana-prf-pro-patrika-matusu\/#breadcrumb","itemListElement":[{"@type":"ListItem","position":1,"name":"Home","item":"https:\/\/ueb1.sci.muni.cz\/ofiz\/"},{"@type":"ListItem","position":2,"name":"Cena d\u011bkana P\u0159F pro Patrika Matu\u0161\u016f"}]},{"@type":"WebSite","@id":"https:\/\/ueb1.sci.muni.cz\/ofiz\/#website","url":"https:\/\/ueb1.sci.muni.cz\/ofiz\/","name":"Department of Animal Physiology and Immunology","description":"","publisher":{"@id":"https:\/\/ueb1.sci.muni.cz\/ofiz\/#organization"},"potentialAction":[{"@type":"SearchAction","target":{"@type":"EntryPoint","urlTemplate":"https:\/\/ueb1.sci.muni.cz\/ofiz\/?s={search_term_string}"},"query-input":{"@type":"PropertyValueSpecification","valueRequired":true,"valueName":"search_term_string"}}],"inLanguage":"en-US"},{"@type":"Organization","@id":"https:\/\/ueb1.sci.muni.cz\/ofiz\/#organization","name":"Department of Animal Physiology and Immunology","url":"https:\/\/ueb1.sci.muni.cz\/ofiz\/","logo":{"@type":"ImageObject","inLanguage":"en-US","@id":"https:\/\/ueb1.sci.muni.cz\/ofiz\/#\/schema\/logo\/image\/","url":"https:\/\/www.sci.muni.cz\/ofiz\/wp-content\/uploads\/2019\/02\/logo_EN.png","contentUrl":"https:\/\/www.sci.muni.cz\/ofiz\/wp-content\/uploads\/2019\/02\/logo_EN.png","width":1903,"height":264,"caption":"Department of Animal Physiology and Immunology"},"image":{"@id":"https:\/\/ueb1.sci.muni.cz\/ofiz\/#\/schema\/logo\/image\/"}},{"@type":"Person","@id":"https:\/\/ueb1.sci.muni.cz\/ofiz\/#\/schema\/person\/c8812f5d8d8ff84f5f59ff6fc26ec134","name":"Kate\u0159ina Tomanov\u00e1","image":{"@type":"ImageObject","inLanguage":"en-US","@id":"https:\/\/ueb1.sci.muni.cz\/ofiz\/#\/schema\/person\/image\/","url":"https:\/\/secure.gravatar.com\/avatar\/af79de1b34bfeaa8d21179d1901b634261fde8557e7e41b5866dfc65630b781e?s=96&d=mm&r=g","contentUrl":"https:\/\/secure.gravatar.com\/avatar\/af79de1b34bfeaa8d21179d1901b634261fde8557e7e41b5866dfc65630b781e?s=96&d=mm&r=g","caption":"Kate\u0159ina Tomanov\u00e1"},"url":"https:\/\/ueb1.sci.muni.cz\/ofiz\/author\/tomanova\/"}]}},"_links":{"self":[{"href":"https:\/\/ueb1.sci.muni.cz\/ofiz\/wp-json\/wp\/v2\/posts\/13175","targetHints":{"allow":["GET"]}}],"collection":[{"href":"https:\/\/ueb1.sci.muni.cz\/ofiz\/wp-json\/wp\/v2\/posts"}],"about":[{"href":"https:\/\/ueb1.sci.muni.cz\/ofiz\/wp-json\/wp\/v2\/types\/post"}],"author":[{"embeddable":true,"href":"https:\/\/ueb1.sci.muni.cz\/ofiz\/wp-json\/wp\/v2\/users\/10"}],"replies":[{"embeddable":true,"href":"https:\/\/ueb1.sci.muni.cz\/ofiz\/wp-json\/wp\/v2\/comments?post=13175"}],"version-history":[{"count":1,"href":"https:\/\/ueb1.sci.muni.cz\/ofiz\/wp-json\/wp\/v2\/posts\/13175\/revisions"}],"predecessor-version":[{"id":13177,"href":"https:\/\/ueb1.sci.muni.cz\/ofiz\/wp-json\/wp\/v2\/posts\/13175\/revisions\/13177"}],"wp:featuredmedia":[{"embeddable":true,"href":"https:\/\/ueb1.sci.muni.cz\/ofiz\/wp-json\/wp\/v2\/media\/4055"}],"wp:attachment":[{"href":"https:\/\/ueb1.sci.muni.cz\/ofiz\/wp-json\/wp\/v2\/media?parent=13175"}],"wp:term":[{"taxonomy":"category","embeddable":true,"href":"https:\/\/ueb1.sci.muni.cz\/ofiz\/wp-json\/wp\/v2\/categories?post=13175"},{"taxonomy":"post_tag","embeddable":true,"href":"https:\/\/ueb1.sci.muni.cz\/ofiz\/wp-json\/wp\/v2\/tags?post=13175"}],"curies":[{"name":"wp","href":"https:\/\/api.w.org\/{rel}","templated":true}]}}