{"id":11634,"date":"2024-04-18T20:55:48","date_gmt":"2024-04-18T20:55:48","guid":{"rendered":"http:\/\/www.sci.muni.cz\/ofiz\/?p=11634"},"modified":"2024-04-23T11:21:34","modified_gmt":"2024-04-23T11:21:34","slug":"konference-european-society-of-nematologists","status":"publish","type":"post","link":"https:\/\/ueb1.sci.muni.cz\/ofiz\/konference-european-society-of-nematologists\/","title":{"rendered":"Konference European Society of Nematologists"},"content":{"rendered":"\n<p>Sara \u0160reibr a Janka Ilgov\u00e1 se z\u00fa\u010dastnily konference <a href=\"https:\/\/esn24cordoba.com\/\">\u00a035th Symposium of the European Society of Nematologists<\/a> v Cordob\u011b ve \u0160panelsku. Sara z\u00edskala od organiz\u00e1tor\u016f finan\u010dn\u00ed podporu ve form\u011b &#8220;ESN PhD\nbursary&#8221; a p\u0159ednesla p\u0159edn\u00e1\u0161ku o sekretovan\u00fdch\/exkretovan\u00fdch produktech entomopatogenn\u00edch hl\u00edstic &#8220;Understanding excreted\/secreted products in <em>Heterorhabditis bacteriophora<\/em>: activation material insights&#8221;. Janka prezentovala poster &#8221; In vivo vs in vitro activation of <em>Heterorhabditis bacteriophora<\/em> from the transcriptomics perspective&#8221;.<\/p>\n\n\n\n<figure class=\"wp-block-image\"><a href=\"https:\/\/www.sci.muni.cz\/ofiz\/wp-content\/uploads\/2024\/04\/ESN-1-scaled-e1713858015323-2048x1162-1.jpeg\"><img loading=\"lazy\" decoding=\"async\" width=\"1024\" height=\"581\" src=\"http:\/\/www.sci.muni.cz\/ofiz\/wp-content\/uploads\/2024\/04\/ESN-1-scaled-e1713858015323-2048x1162-1-1024x581.jpeg\" alt=\"\" class=\"wp-image-11660\" srcset=\"https:\/\/ueb1.sci.muni.cz\/ofiz\/wp-content\/uploads\/2024\/04\/ESN-1-scaled-e1713858015323-2048x1162-1-1024x581.jpeg 1024w, https:\/\/ueb1.sci.muni.cz\/ofiz\/wp-content\/uploads\/2024\/04\/ESN-1-scaled-e1713858015323-2048x1162-1-300x170.jpeg 300w, https:\/\/ueb1.sci.muni.cz\/ofiz\/wp-content\/uploads\/2024\/04\/ESN-1-scaled-e1713858015323-2048x1162-1-768x436.jpeg 768w\" sizes=\"auto, (max-width: 1024px) 100vw, 1024px\" \/><\/a><\/figure>\n\n\n\n<ul class=\"wp-block-gallery columns-2 is-cropped wp-block-gallery-1 is-layout-flex wp-block-gallery-is-layout-flex\"><li class=\"blocks-gallery-item\"><figure><a href=\"http:\/\/www.sci.muni.cz\/ofiz\/wp-content\/uploads\/2024\/04\/20240417_180024-1024x768.jpg\"><img loading=\"lazy\" decoding=\"async\" width=\"1024\" height=\"768\" src=\"http:\/\/www.sci.muni.cz\/ofiz\/wp-content\/uploads\/2024\/04\/20240417_180024-1024x768.jpg\" alt=\"\" data-id=\"11659\" data-link=\"http:\/\/www.sci.muni.cz\/ofiz\/konference-european-society-of-nematologists\/20240417_180024\/\" class=\"wp-image-11659\" srcset=\"https:\/\/ueb1.sci.muni.cz\/ofiz\/wp-content\/uploads\/2024\/04\/20240417_180024-1024x768.jpg 1024w, https:\/\/ueb1.sci.muni.cz\/ofiz\/wp-content\/uploads\/2024\/04\/20240417_180024-300x225.jpg 300w, https:\/\/ueb1.sci.muni.cz\/ofiz\/wp-content\/uploads\/2024\/04\/20240417_180024-768x576.jpg 768w\" sizes=\"auto, (max-width: 1024px) 100vw, 1024px\" \/><\/a><\/figure><\/li><li class=\"blocks-gallery-item\"><figure><a href=\"http:\/\/www.sci.muni.cz\/ofiz\/wp-content\/uploads\/2024\/04\/20240416_140814-1024x768.jpg\"><img loading=\"lazy\" decoding=\"async\" width=\"1024\" height=\"768\" src=\"http:\/\/www.sci.muni.cz\/ofiz\/wp-content\/uploads\/2024\/04\/20240416_140814-1024x768.jpg\" alt=\"\" data-id=\"11658\" data-link=\"http:\/\/www.sci.muni.cz\/ofiz\/konference-european-society-of-nematologists\/20240416_140814\/\" class=\"wp-image-11658\" srcset=\"https:\/\/ueb1.sci.muni.cz\/ofiz\/wp-content\/uploads\/2024\/04\/20240416_140814-1024x768.jpg 1024w, https:\/\/ueb1.sci.muni.cz\/ofiz\/wp-content\/uploads\/2024\/04\/20240416_140814-300x225.jpg 300w, https:\/\/ueb1.sci.muni.cz\/ofiz\/wp-content\/uploads\/2024\/04\/20240416_140814-768x576.jpg 768w\" sizes=\"auto, (max-width: 1024px) 100vw, 1024px\" \/><\/a><\/figure><\/li><\/ul>\n","protected":false},"excerpt":{"rendered":"<p>Sara \u0160reibr a Janka Ilgov\u00e1 se z\u00fa\u010dastnily konference \u00a035th Symposium of the European Society of Nematologists v Cordob\u011b ve \u0160panelsku. Sara z\u00edskala od organiz\u00e1tor\u016f finan\u010dn\u00ed podporu ve form\u011b &#8220;ESN PhD bursary&#8221; a p\u0159ednesla p\u0159edn\u00e1\u0161ku o sekretovan\u00fdch\/exkretovan\u00fdch produktech entomopatogenn\u00edch hl\u00edstic &#8220;Understanding &hellip; <a href=\"https:\/\/ueb1.sci.muni.cz\/ofiz\/konference-european-society-of-nematologists\/\">Read More<\/a><\/p>\n","protected":false},"author":4,"featured_media":11635,"comment_status":"closed","ping_status":"closed","sticky":false,"template":"","format":"standard","meta":{"kt_blocks_editor_width":"","_exactmetrics_skip_tracking":false,"_exactmetrics_sitenote_active":false,"_exactmetrics_sitenote_note":"","_exactmetrics_sitenote_category":0,"footnotes":""},"categories":[271],"tags":[],"class_list":["post-11634","post","type-post","status-publish","format-standard","has-post-thumbnail","hentry","category-hyrsl-lab-cz"],"yoast_head":"<!-- This site is optimized with the Yoast SEO plugin v26.1.1 - https:\/\/yoast.com\/wordpress\/plugins\/seo\/ -->\n<title>Konference European Society of Nematologists - Department of Animal Physiology and Immunology<\/title>\n<meta name=\"robots\" content=\"index, follow, max-snippet:-1, max-image-preview:large, max-video-preview:-1\" \/>\n<link rel=\"canonical\" href=\"https:\/\/ueb1.sci.muni.cz\/ofiz\/konference-european-society-of-nematologists\/\" \/>\n<meta property=\"og:locale\" content=\"en_US\" \/>\n<meta property=\"og:type\" content=\"article\" \/>\n<meta property=\"og:title\" content=\"Konference European Society of Nematologists - Department of Animal Physiology and Immunology\" \/>\n<meta property=\"og:description\" content=\"Sara \u0160reibr a Janka Ilgov\u00e1 se z\u00fa\u010dastnily konference \u00a035th Symposium of the European Society of Nematologists v Cordob\u011b ve \u0160panelsku. Sara z\u00edskala od organiz\u00e1tor\u016f finan\u010dn\u00ed podporu ve form\u011b &#8220;ESN PhD bursary&#8221; a p\u0159ednesla p\u0159edn\u00e1\u0161ku o sekretovan\u00fdch\/exkretovan\u00fdch produktech entomopatogenn\u00edch hl\u00edstic &#8220;Understanding &hellip; Read More\" \/>\n<meta property=\"og:url\" content=\"https:\/\/ueb1.sci.muni.cz\/ofiz\/konference-european-society-of-nematologists\/\" \/>\n<meta property=\"og:site_name\" content=\"Department of Animal Physiology and Immunology\" \/>\n<meta property=\"article:published_time\" content=\"2024-04-18T20:55:48+00:00\" \/>\n<meta property=\"article:modified_time\" content=\"2024-04-23T11:21:34+00:00\" \/>\n<meta property=\"og:image\" content=\"https:\/\/ueb1.sci.muni.cz\/ofiz\/wp-content\/uploads\/2024\/04\/ESN.jpg\" \/>\n\t<meta property=\"og:image:width\" content=\"125\" \/>\n\t<meta property=\"og:image:height\" content=\"101\" \/>\n\t<meta property=\"og:image:type\" content=\"image\/jpeg\" \/>\n<meta name=\"author\" content=\"Pavel Hyr\u0161l\" \/>\n<meta name=\"twitter:card\" content=\"summary_large_image\" \/>\n<meta name=\"twitter:label1\" content=\"Written by\" \/>\n\t<meta name=\"twitter:data1\" content=\"Pavel Hyr\u0161l\" \/>\n<script type=\"application\/ld+json\" class=\"yoast-schema-graph\">{\"@context\":\"https:\/\/schema.org\",\"@graph\":[{\"@type\":\"Article\",\"@id\":\"https:\/\/ueb1.sci.muni.cz\/ofiz\/konference-european-society-of-nematologists\/#article\",\"isPartOf\":{\"@id\":\"https:\/\/ueb1.sci.muni.cz\/ofiz\/konference-european-society-of-nematologists\/\"},\"author\":{\"name\":\"Pavel Hyr\u0161l\",\"@id\":\"https:\/\/ueb1.sci.muni.cz\/ofiz\/#\/schema\/person\/8843611b88ffc36a462344484c769696\"},\"headline\":\"Konference European Society of Nematologists\",\"datePublished\":\"2024-04-18T20:55:48+00:00\",\"dateModified\":\"2024-04-23T11:21:34+00:00\",\"mainEntityOfPage\":{\"@id\":\"https:\/\/ueb1.sci.muni.cz\/ofiz\/konference-european-society-of-nematologists\/\"},\"wordCount\":82,\"publisher\":{\"@id\":\"https:\/\/ueb1.sci.muni.cz\/ofiz\/#organization\"},\"image\":{\"@id\":\"https:\/\/ueb1.sci.muni.cz\/ofiz\/konference-european-society-of-nematologists\/#primaryimage\"},\"thumbnailUrl\":\"https:\/\/ueb1.sci.muni.cz\/ofiz\/wp-content\/uploads\/2024\/04\/ESN.jpg\",\"articleSection\":[\"Hyr\u0161l Lab CZ\"],\"inLanguage\":\"en-US\"},{\"@type\":\"WebPage\",\"@id\":\"https:\/\/ueb1.sci.muni.cz\/ofiz\/konference-european-society-of-nematologists\/\",\"url\":\"https:\/\/ueb1.sci.muni.cz\/ofiz\/konference-european-society-of-nematologists\/\",\"name\":\"Konference European Society of Nematologists - Department of Animal Physiology and Immunology\",\"isPartOf\":{\"@id\":\"https:\/\/ueb1.sci.muni.cz\/ofiz\/#website\"},\"primaryImageOfPage\":{\"@id\":\"https:\/\/ueb1.sci.muni.cz\/ofiz\/konference-european-society-of-nematologists\/#primaryimage\"},\"image\":{\"@id\":\"https:\/\/ueb1.sci.muni.cz\/ofiz\/konference-european-society-of-nematologists\/#primaryimage\"},\"thumbnailUrl\":\"https:\/\/ueb1.sci.muni.cz\/ofiz\/wp-content\/uploads\/2024\/04\/ESN.jpg\",\"datePublished\":\"2024-04-18T20:55:48+00:00\",\"dateModified\":\"2024-04-23T11:21:34+00:00\",\"breadcrumb\":{\"@id\":\"https:\/\/ueb1.sci.muni.cz\/ofiz\/konference-european-society-of-nematologists\/#breadcrumb\"},\"inLanguage\":\"en-US\",\"potentialAction\":[{\"@type\":\"ReadAction\",\"target\":[\"https:\/\/ueb1.sci.muni.cz\/ofiz\/konference-european-society-of-nematologists\/\"]}]},{\"@type\":\"ImageObject\",\"inLanguage\":\"en-US\",\"@id\":\"https:\/\/ueb1.sci.muni.cz\/ofiz\/konference-european-society-of-nematologists\/#primaryimage\",\"url\":\"https:\/\/ueb1.sci.muni.cz\/ofiz\/wp-content\/uploads\/2024\/04\/ESN.jpg\",\"contentUrl\":\"https:\/\/ueb1.sci.muni.cz\/ofiz\/wp-content\/uploads\/2024\/04\/ESN.jpg\",\"width\":125,\"height\":101},{\"@type\":\"BreadcrumbList\",\"@id\":\"https:\/\/ueb1.sci.muni.cz\/ofiz\/konference-european-society-of-nematologists\/#breadcrumb\",\"itemListElement\":[{\"@type\":\"ListItem\",\"position\":1,\"name\":\"Home\",\"item\":\"https:\/\/ueb1.sci.muni.cz\/ofiz\/\"},{\"@type\":\"ListItem\",\"position\":2,\"name\":\"Konference European Society of Nematologists\"}]},{\"@type\":\"WebSite\",\"@id\":\"https:\/\/ueb1.sci.muni.cz\/ofiz\/#website\",\"url\":\"https:\/\/ueb1.sci.muni.cz\/ofiz\/\",\"name\":\"Department of Animal Physiology and Immunology\",\"description\":\"\",\"publisher\":{\"@id\":\"https:\/\/ueb1.sci.muni.cz\/ofiz\/#organization\"},\"potentialAction\":[{\"@type\":\"SearchAction\",\"target\":{\"@type\":\"EntryPoint\",\"urlTemplate\":\"https:\/\/ueb1.sci.muni.cz\/ofiz\/?s={search_term_string}\"},\"query-input\":{\"@type\":\"PropertyValueSpecification\",\"valueRequired\":true,\"valueName\":\"search_term_string\"}}],\"inLanguage\":\"en-US\"},{\"@type\":\"Organization\",\"@id\":\"https:\/\/ueb1.sci.muni.cz\/ofiz\/#organization\",\"name\":\"Department of Animal Physiology and Immunology\",\"url\":\"https:\/\/ueb1.sci.muni.cz\/ofiz\/\",\"logo\":{\"@type\":\"ImageObject\",\"inLanguage\":\"en-US\",\"@id\":\"https:\/\/ueb1.sci.muni.cz\/ofiz\/#\/schema\/logo\/image\/\",\"url\":\"https:\/\/www.sci.muni.cz\/ofiz\/wp-content\/uploads\/2019\/02\/logo_EN.png\",\"contentUrl\":\"https:\/\/www.sci.muni.cz\/ofiz\/wp-content\/uploads\/2019\/02\/logo_EN.png\",\"width\":1903,\"height\":264,\"caption\":\"Department of Animal Physiology and Immunology\"},\"image\":{\"@id\":\"https:\/\/ueb1.sci.muni.cz\/ofiz\/#\/schema\/logo\/image\/\"}},{\"@type\":\"Person\",\"@id\":\"https:\/\/ueb1.sci.muni.cz\/ofiz\/#\/schema\/person\/8843611b88ffc36a462344484c769696\",\"name\":\"Pavel Hyr\u0161l\",\"image\":{\"@type\":\"ImageObject\",\"inLanguage\":\"en-US\",\"@id\":\"https:\/\/ueb1.sci.muni.cz\/ofiz\/#\/schema\/person\/image\/\",\"url\":\"https:\/\/secure.gravatar.com\/avatar\/ecc139a34269d842dfaf6b08e73821a76da8b9954d9113f3d7576d3769b30a26?s=96&d=mm&r=g\",\"contentUrl\":\"https:\/\/secure.gravatar.com\/avatar\/ecc139a34269d842dfaf6b08e73821a76da8b9954d9113f3d7576d3769b30a26?s=96&d=mm&r=g\",\"caption\":\"Pavel Hyr\u0161l\"},\"url\":\"https:\/\/ueb1.sci.muni.cz\/ofiz\/author\/hyrsl\/\"}]}<\/script>\n<!-- \/ Yoast SEO plugin. -->","yoast_head_json":{"title":"Konference European Society of Nematologists - Department of Animal Physiology and Immunology","robots":{"index":"index","follow":"follow","max-snippet":"max-snippet:-1","max-image-preview":"max-image-preview:large","max-video-preview":"max-video-preview:-1"},"canonical":"https:\/\/ueb1.sci.muni.cz\/ofiz\/konference-european-society-of-nematologists\/","og_locale":"en_US","og_type":"article","og_title":"Konference European Society of Nematologists - Department of Animal Physiology and Immunology","og_description":"Sara \u0160reibr a Janka Ilgov\u00e1 se z\u00fa\u010dastnily konference \u00a035th Symposium of the European Society of Nematologists v Cordob\u011b ve \u0160panelsku. Sara z\u00edskala od organiz\u00e1tor\u016f finan\u010dn\u00ed podporu ve form\u011b &#8220;ESN PhD bursary&#8221; a p\u0159ednesla p\u0159edn\u00e1\u0161ku o sekretovan\u00fdch\/exkretovan\u00fdch produktech entomopatogenn\u00edch hl\u00edstic &#8220;Understanding &hellip; Read More","og_url":"https:\/\/ueb1.sci.muni.cz\/ofiz\/konference-european-society-of-nematologists\/","og_site_name":"Department of Animal Physiology and Immunology","article_published_time":"2024-04-18T20:55:48+00:00","article_modified_time":"2024-04-23T11:21:34+00:00","og_image":[{"width":125,"height":101,"url":"https:\/\/ueb1.sci.muni.cz\/ofiz\/wp-content\/uploads\/2024\/04\/ESN.jpg","type":"image\/jpeg"}],"author":"Pavel Hyr\u0161l","twitter_card":"summary_large_image","twitter_misc":{"Written by":"Pavel Hyr\u0161l"},"schema":{"@context":"https:\/\/schema.org","@graph":[{"@type":"Article","@id":"https:\/\/ueb1.sci.muni.cz\/ofiz\/konference-european-society-of-nematologists\/#article","isPartOf":{"@id":"https:\/\/ueb1.sci.muni.cz\/ofiz\/konference-european-society-of-nematologists\/"},"author":{"name":"Pavel Hyr\u0161l","@id":"https:\/\/ueb1.sci.muni.cz\/ofiz\/#\/schema\/person\/8843611b88ffc36a462344484c769696"},"headline":"Konference European Society of Nematologists","datePublished":"2024-04-18T20:55:48+00:00","dateModified":"2024-04-23T11:21:34+00:00","mainEntityOfPage":{"@id":"https:\/\/ueb1.sci.muni.cz\/ofiz\/konference-european-society-of-nematologists\/"},"wordCount":82,"publisher":{"@id":"https:\/\/ueb1.sci.muni.cz\/ofiz\/#organization"},"image":{"@id":"https:\/\/ueb1.sci.muni.cz\/ofiz\/konference-european-society-of-nematologists\/#primaryimage"},"thumbnailUrl":"https:\/\/ueb1.sci.muni.cz\/ofiz\/wp-content\/uploads\/2024\/04\/ESN.jpg","articleSection":["Hyr\u0161l Lab CZ"],"inLanguage":"en-US"},{"@type":"WebPage","@id":"https:\/\/ueb1.sci.muni.cz\/ofiz\/konference-european-society-of-nematologists\/","url":"https:\/\/ueb1.sci.muni.cz\/ofiz\/konference-european-society-of-nematologists\/","name":"Konference European Society of Nematologists - Department of Animal Physiology and Immunology","isPartOf":{"@id":"https:\/\/ueb1.sci.muni.cz\/ofiz\/#website"},"primaryImageOfPage":{"@id":"https:\/\/ueb1.sci.muni.cz\/ofiz\/konference-european-society-of-nematologists\/#primaryimage"},"image":{"@id":"https:\/\/ueb1.sci.muni.cz\/ofiz\/konference-european-society-of-nematologists\/#primaryimage"},"thumbnailUrl":"https:\/\/ueb1.sci.muni.cz\/ofiz\/wp-content\/uploads\/2024\/04\/ESN.jpg","datePublished":"2024-04-18T20:55:48+00:00","dateModified":"2024-04-23T11:21:34+00:00","breadcrumb":{"@id":"https:\/\/ueb1.sci.muni.cz\/ofiz\/konference-european-society-of-nematologists\/#breadcrumb"},"inLanguage":"en-US","potentialAction":[{"@type":"ReadAction","target":["https:\/\/ueb1.sci.muni.cz\/ofiz\/konference-european-society-of-nematologists\/"]}]},{"@type":"ImageObject","inLanguage":"en-US","@id":"https:\/\/ueb1.sci.muni.cz\/ofiz\/konference-european-society-of-nematologists\/#primaryimage","url":"https:\/\/ueb1.sci.muni.cz\/ofiz\/wp-content\/uploads\/2024\/04\/ESN.jpg","contentUrl":"https:\/\/ueb1.sci.muni.cz\/ofiz\/wp-content\/uploads\/2024\/04\/ESN.jpg","width":125,"height":101},{"@type":"BreadcrumbList","@id":"https:\/\/ueb1.sci.muni.cz\/ofiz\/konference-european-society-of-nematologists\/#breadcrumb","itemListElement":[{"@type":"ListItem","position":1,"name":"Home","item":"https:\/\/ueb1.sci.muni.cz\/ofiz\/"},{"@type":"ListItem","position":2,"name":"Konference European Society of Nematologists"}]},{"@type":"WebSite","@id":"https:\/\/ueb1.sci.muni.cz\/ofiz\/#website","url":"https:\/\/ueb1.sci.muni.cz\/ofiz\/","name":"Department of Animal Physiology and Immunology","description":"","publisher":{"@id":"https:\/\/ueb1.sci.muni.cz\/ofiz\/#organization"},"potentialAction":[{"@type":"SearchAction","target":{"@type":"EntryPoint","urlTemplate":"https:\/\/ueb1.sci.muni.cz\/ofiz\/?s={search_term_string}"},"query-input":{"@type":"PropertyValueSpecification","valueRequired":true,"valueName":"search_term_string"}}],"inLanguage":"en-US"},{"@type":"Organization","@id":"https:\/\/ueb1.sci.muni.cz\/ofiz\/#organization","name":"Department of Animal Physiology and Immunology","url":"https:\/\/ueb1.sci.muni.cz\/ofiz\/","logo":{"@type":"ImageObject","inLanguage":"en-US","@id":"https:\/\/ueb1.sci.muni.cz\/ofiz\/#\/schema\/logo\/image\/","url":"https:\/\/www.sci.muni.cz\/ofiz\/wp-content\/uploads\/2019\/02\/logo_EN.png","contentUrl":"https:\/\/www.sci.muni.cz\/ofiz\/wp-content\/uploads\/2019\/02\/logo_EN.png","width":1903,"height":264,"caption":"Department of Animal Physiology and Immunology"},"image":{"@id":"https:\/\/ueb1.sci.muni.cz\/ofiz\/#\/schema\/logo\/image\/"}},{"@type":"Person","@id":"https:\/\/ueb1.sci.muni.cz\/ofiz\/#\/schema\/person\/8843611b88ffc36a462344484c769696","name":"Pavel Hyr\u0161l","image":{"@type":"ImageObject","inLanguage":"en-US","@id":"https:\/\/ueb1.sci.muni.cz\/ofiz\/#\/schema\/person\/image\/","url":"https:\/\/secure.gravatar.com\/avatar\/ecc139a34269d842dfaf6b08e73821a76da8b9954d9113f3d7576d3769b30a26?s=96&d=mm&r=g","contentUrl":"https:\/\/secure.gravatar.com\/avatar\/ecc139a34269d842dfaf6b08e73821a76da8b9954d9113f3d7576d3769b30a26?s=96&d=mm&r=g","caption":"Pavel Hyr\u0161l"},"url":"https:\/\/ueb1.sci.muni.cz\/ofiz\/author\/hyrsl\/"}]}},"_links":{"self":[{"href":"https:\/\/ueb1.sci.muni.cz\/ofiz\/wp-json\/wp\/v2\/posts\/11634","targetHints":{"allow":["GET"]}}],"collection":[{"href":"https:\/\/ueb1.sci.muni.cz\/ofiz\/wp-json\/wp\/v2\/posts"}],"about":[{"href":"https:\/\/ueb1.sci.muni.cz\/ofiz\/wp-json\/wp\/v2\/types\/post"}],"author":[{"embeddable":true,"href":"https:\/\/ueb1.sci.muni.cz\/ofiz\/wp-json\/wp\/v2\/users\/4"}],"replies":[{"embeddable":true,"href":"https:\/\/ueb1.sci.muni.cz\/ofiz\/wp-json\/wp\/v2\/comments?post=11634"}],"version-history":[{"count":6,"href":"https:\/\/ueb1.sci.muni.cz\/ofiz\/wp-json\/wp\/v2\/posts\/11634\/revisions"}],"predecessor-version":[{"id":11663,"href":"https:\/\/ueb1.sci.muni.cz\/ofiz\/wp-json\/wp\/v2\/posts\/11634\/revisions\/11663"}],"wp:featuredmedia":[{"embeddable":true,"href":"https:\/\/ueb1.sci.muni.cz\/ofiz\/wp-json\/wp\/v2\/media\/11635"}],"wp:attachment":[{"href":"https:\/\/ueb1.sci.muni.cz\/ofiz\/wp-json\/wp\/v2\/media?parent=11634"}],"wp:term":[{"taxonomy":"category","embeddable":true,"href":"https:\/\/ueb1.sci.muni.cz\/ofiz\/wp-json\/wp\/v2\/categories?post=11634"},{"taxonomy":"post_tag","embeddable":true,"href":"https:\/\/ueb1.sci.muni.cz\/ofiz\/wp-json\/wp\/v2\/tags?post=11634"}],"curies":[{"name":"wp","href":"https:\/\/api.w.org\/{rel}","templated":true}]}}